{"id":8466,"date":"2025-11-10T06:20:06","date_gmt":"2025-11-10T06:20:06","guid":{"rendered":"https:\/\/sydalinna-edu-ee.vserver.zonevs.eu\/?p=8466"},"modified":"2025-12-22T15:36:00","modified_gmt":"2025-12-22T15:36:00","slug":"avatud-on-meie-kooli-opilaste-kunstinaitus","status":"publish","type":"post","link":"https:\/\/sydalinna.edu.ee\/eng\/avatud-on-meie-kooli-opilaste-kunstinaitus\/","title":{"rendered":"Avatud on meie kooli \u00f5pilaste kunstin\u00e4itus"},"content":{"rendered":"<p>Tallinna Kodulinna Majas (G\u00fcmnaasiumi tn 3)\u00a0 avati 5. novembril 2025 S\u00fcdalinna Kooli ja Pelgulinna G\u00fcmnaasiumi \u00fchisn\u00e4itus &#8220;Tornimuusika&#8221;.\u00a0<\/p>\n\n\n\n<p>N\u00e4itusel on meie kooli \u00f5limaaliringi \u00f5pilaste kunstit\u00f6\u00f6d. (Juhendajaks \u00f5petaja Malle Koppel.)<\/p>\n\n\n\n<p>N\u00e4itust saab k\u00fclastada esmasp\u00e4eviti, kolmap\u00e4eviti, neljap\u00e4eviti ja reedeti kell 11.00-18.00 ja laup\u00e4eviti, p\u00fchap\u00e4eviti kell 11.00-16.00.&nbsp;<\/p>\n\n\n\n<p>N\u00e4itus j\u00e4\u00e4b avatuks detsembri keskpaigani.<\/p>","protected":false},"excerpt":{"rendered":"<p>Tallinna Kodulinna Majas (G\u00fcmnaasiumi tn 3)\u00a0 avati 5. novembril 2025 S\u00fcdalinna Kooli ja Pelgulinna G\u00fcmnaasiumi \u00fchisn\u00e4itus &#8220;Tornimuusika&#8221;.\u00a0<\/p>\n<p>N\u00e4itusel on meie kooli \u00f5limaaliringi \u00f5pilaste kunstit\u00f6\u00f6d. (Juhendajaks \u00f5petaja Malle Koppel.)<\/p>","protected":false},"author":10,"featured_media":8468,"comment_status":"open","ping_status":"open","sticky":false,"template":"","format":"standard","meta":{"_kad_post_transparent":"","_kad_post_title":"","_kad_post_layout":"","_kad_post_sidebar_id":"","_kad_post_content_style":"","_kad_post_vertical_padding":"","_kad_post_feature":"","_kad_post_feature_position":"","_kad_post_header":false,"_kad_post_footer":false,"_kad_post_classname":"","footnotes":""},"categories":[1],"tags":[],"class_list":["post-8466","post","type-post","status-publish","format-standard","has-post-thumbnail","hentry","category-uldine"],"yoast_head":"<!-- This site is optimized with the Yoast SEO Premium plugin v20.11 (Yoast SEO v26.6) - https:\/\/yoast.com\/wordpress\/plugins\/seo\/ -->\n<title>Avatud on meie kooli \u00f5pilaste kunstin\u00e4itus - Tallinna S\u00fcdalinna kool<\/title>\n<meta name=\"robots\" content=\"index, follow, max-snippet:-1, max-image-preview:large, max-video-preview:-1\" \/>\n<link rel=\"canonical\" href=\"https:\/\/sydalinna.edu.ee\/eng\/avatud-on-meie-kooli-opilaste-kunstinaitus\/\" \/>\n<meta property=\"og:locale\" content=\"en_US\" \/>\n<meta property=\"og:type\" content=\"article\" \/>\n<meta property=\"og:title\" content=\"Avatud on meie kooli \u00f5pilaste kunstin\u00e4itus\" \/>\n<meta property=\"og:description\" content=\"Tallinna Kodulinna Majas (G\u00fcmnaasiumi tn 3)\u00a0 avati 5. novembril 2025 S\u00fcdalinna Kooli ja Pelgulinna G\u00fcmnaasiumi \u00fchisn\u00e4itus &quot;Tornimuusika&quot;.\u00a0 N\u00e4itusel on meie kooli \u00f5limaaliringi \u00f5pilaste kunstit\u00f6\u00f6d. (Juhendajaks \u00f5petaja Malle Koppel.)\" \/>\n<meta property=\"og:url\" content=\"https:\/\/sydalinna.edu.ee\/eng\/avatud-on-meie-kooli-opilaste-kunstinaitus\/\" \/>\n<meta property=\"og:site_name\" content=\"Tallinna S\u00fcdalinna kool\" \/>\n<meta property=\"article:published_time\" content=\"2025-11-10T06:20:06+00:00\" \/>\n<meta property=\"article:modified_time\" content=\"2025-12-22T15:36:00+00:00\" \/>\n<meta property=\"og:image\" content=\"https:\/\/sydalinna.edu.ee\/wp-content\/uploads\/2025\/11\/Kuvatommis-2025-11-09-093436.png\" \/>\n\t<meta property=\"og:image:width\" content=\"477\" \/>\n\t<meta property=\"og:image:height\" content=\"675\" \/>\n\t<meta property=\"og:image:type\" content=\"image\/png\" \/>\n<meta name=\"author\" content=\"Anna-Kaisa Kollo\" \/>\n<meta name=\"twitter:card\" content=\"summary_large_image\" \/>\n<meta name=\"twitter:label1\" content=\"Written by\" \/>\n\t<meta name=\"twitter:data1\" content=\"Anna-Kaisa Kollo\" \/>\n\t<meta name=\"twitter:label2\" content=\"Est. reading time\" \/>\n\t<meta name=\"twitter:data2\" content=\"1 minute\" \/>\n<script type=\"application\/ld+json\" class=\"yoast-schema-graph\">{\"@context\":\"https:\/\/schema.org\",\"@graph\":[{\"@type\":\"Article\",\"@id\":\"https:\/\/sydalinna.edu.ee\/eng\/avatud-on-meie-kooli-opilaste-kunstinaitus\/#article\",\"isPartOf\":{\"@id\":\"https:\/\/sydalinna.edu.ee\/eng\/avatud-on-meie-kooli-opilaste-kunstinaitus\/\"},\"author\":{\"name\":\"Anna-Kaisa Kollo\",\"@id\":\"https:\/\/sydalinna.edu.ee\/#\/schema\/person\/ace0bbb186cd946665450ec9c3c8fe9a\"},\"headline\":\"Avatud on meie kooli \u00f5pilaste kunstin\u00e4itus\",\"datePublished\":\"2025-11-10T06:20:06+00:00\",\"dateModified\":\"2025-12-22T15:36:00+00:00\",\"mainEntityOfPage\":{\"@id\":\"https:\/\/sydalinna.edu.ee\/eng\/avatud-on-meie-kooli-opilaste-kunstinaitus\/\"},\"wordCount\":69,\"commentCount\":0,\"publisher\":{\"@id\":\"https:\/\/sydalinna.edu.ee\/#organization\"},\"image\":{\"@id\":\"https:\/\/sydalinna.edu.ee\/eng\/avatud-on-meie-kooli-opilaste-kunstinaitus\/#primaryimage\"},\"thumbnailUrl\":\"https:\/\/sydalinna.edu.ee\/wp-content\/uploads\/2025\/11\/Kuvatommis-2025-11-09-093436.png\",\"articleSection\":[\"\u00dcldine\"],\"inLanguage\":\"en-US\",\"potentialAction\":[{\"@type\":\"CommentAction\",\"name\":\"Comment\",\"target\":[\"https:\/\/sydalinna.edu.ee\/eng\/avatud-on-meie-kooli-opilaste-kunstinaitus\/#respond\"]}]},{\"@type\":\"WebPage\",\"@id\":\"https:\/\/sydalinna.edu.ee\/eng\/avatud-on-meie-kooli-opilaste-kunstinaitus\/\",\"url\":\"https:\/\/sydalinna.edu.ee\/eng\/avatud-on-meie-kooli-opilaste-kunstinaitus\/\",\"name\":\"Avatud on meie kooli \u00f5pilaste kunstin\u00e4itus - Tallinna S\u00fcdalinna kool\",\"isPartOf\":{\"@id\":\"https:\/\/sydalinna.edu.ee\/#website\"},\"primaryImageOfPage\":{\"@id\":\"https:\/\/sydalinna.edu.ee\/eng\/avatud-on-meie-kooli-opilaste-kunstinaitus\/#primaryimage\"},\"image\":{\"@id\":\"https:\/\/sydalinna.edu.ee\/eng\/avatud-on-meie-kooli-opilaste-kunstinaitus\/#primaryimage\"},\"thumbnailUrl\":\"https:\/\/sydalinna.edu.ee\/wp-content\/uploads\/2025\/11\/Kuvatommis-2025-11-09-093436.png\",\"datePublished\":\"2025-11-10T06:20:06+00:00\",\"dateModified\":\"2025-12-22T15:36:00+00:00\",\"breadcrumb\":{\"@id\":\"https:\/\/sydalinna.edu.ee\/eng\/avatud-on-meie-kooli-opilaste-kunstinaitus\/#breadcrumb\"},\"inLanguage\":\"en-US\",\"potentialAction\":[{\"@type\":\"ReadAction\",\"target\":[\"https:\/\/sydalinna.edu.ee\/eng\/avatud-on-meie-kooli-opilaste-kunstinaitus\/\"]}]},{\"@type\":\"ImageObject\",\"inLanguage\":\"en-US\",\"@id\":\"https:\/\/sydalinna.edu.ee\/eng\/avatud-on-meie-kooli-opilaste-kunstinaitus\/#primaryimage\",\"url\":\"https:\/\/sydalinna.edu.ee\/wp-content\/uploads\/2025\/11\/Kuvatommis-2025-11-09-093436.png\",\"contentUrl\":\"https:\/\/sydalinna.edu.ee\/wp-content\/uploads\/2025\/11\/Kuvatommis-2025-11-09-093436.png\",\"width\":477,\"height\":675},{\"@type\":\"BreadcrumbList\",\"@id\":\"https:\/\/sydalinna.edu.ee\/eng\/avatud-on-meie-kooli-opilaste-kunstinaitus\/#breadcrumb\",\"itemListElement\":[{\"@type\":\"ListItem\",\"position\":1,\"name\":\"Avaleht\",\"item\":\"https:\/\/sydalinna.edu.ee\/\"},{\"@type\":\"ListItem\",\"position\":2,\"name\":\"Avatud on meie kooli \u00f5pilaste kunstin\u00e4itus\"}]},{\"@type\":\"WebSite\",\"@id\":\"https:\/\/sydalinna.edu.ee\/#website\",\"url\":\"https:\/\/sydalinna.edu.ee\/\",\"name\":\"Tallinna S\u00fcdalinna kool\",\"description\":\"Kodune kool kesklinna s\u00fcdames.\",\"publisher\":{\"@id\":\"https:\/\/sydalinna.edu.ee\/#organization\"},\"potentialAction\":[{\"@type\":\"SearchAction\",\"target\":{\"@type\":\"EntryPoint\",\"urlTemplate\":\"https:\/\/sydalinna.edu.ee\/?s={search_term_string}\"},\"query-input\":{\"@type\":\"PropertyValueSpecification\",\"valueRequired\":true,\"valueName\":\"search_term_string\"}}],\"inLanguage\":\"en-US\"},{\"@type\":\"Organization\",\"@id\":\"https:\/\/sydalinna.edu.ee\/#organization\",\"name\":\"Tallinna S\u00fcdalinna kool\",\"url\":\"https:\/\/sydalinna.edu.ee\/\",\"logo\":{\"@type\":\"ImageObject\",\"inLanguage\":\"en-US\",\"@id\":\"https:\/\/sydalinna.edu.ee\/#\/schema\/logo\/image\/\",\"url\":\"https:\/\/sydalinna.edu.ee\/wp-content\/uploads\/2021\/12\/g1.svg\",\"contentUrl\":\"https:\/\/sydalinna.edu.ee\/wp-content\/uploads\/2021\/12\/g1.svg\",\"width\":185,\"height\":45,\"caption\":\"Tallinna S\u00fcdalinna kool\"},\"image\":{\"@id\":\"https:\/\/sydalinna.edu.ee\/#\/schema\/logo\/image\/\"}},{\"@type\":\"Person\",\"@id\":\"https:\/\/sydalinna.edu.ee\/#\/schema\/person\/ace0bbb186cd946665450ec9c3c8fe9a\",\"name\":\"Anna-Kaisa Kollo\",\"image\":{\"@type\":\"ImageObject\",\"inLanguage\":\"en-US\",\"@id\":\"https:\/\/sydalinna.edu.ee\/#\/schema\/person\/image\/\",\"url\":\"https:\/\/secure.gravatar.com\/avatar\/871de64cdf505db75c9cba5f61f4098e5615f361e834001c91980de533ac7518?s=96&d=mm&r=g\",\"contentUrl\":\"https:\/\/secure.gravatar.com\/avatar\/871de64cdf505db75c9cba5f61f4098e5615f361e834001c91980de533ac7518?s=96&d=mm&r=g\",\"caption\":\"Anna-Kaisa Kollo\"},\"url\":\"https:\/\/sydalinna.edu.ee\/eng\/author\/kollo\/\"}]}<\/script>\n<!-- \/ Yoast SEO Premium plugin. -->","yoast_head_json":{"title":"Avatud on meie kooli \u00f5pilaste kunstin\u00e4itus - Tallinna S\u00fcdalinna kool","robots":{"index":"index","follow":"follow","max-snippet":"max-snippet:-1","max-image-preview":"max-image-preview:large","max-video-preview":"max-video-preview:-1"},"canonical":"https:\/\/sydalinna.edu.ee\/eng\/avatud-on-meie-kooli-opilaste-kunstinaitus\/","og_locale":"en_US","og_type":"article","og_title":"Avatud on meie kooli \u00f5pilaste kunstin\u00e4itus","og_description":"Tallinna Kodulinna Majas (G\u00fcmnaasiumi tn 3)\u00a0 avati 5. novembril 2025 S\u00fcdalinna Kooli ja Pelgulinna G\u00fcmnaasiumi \u00fchisn\u00e4itus \"Tornimuusika\".\u00a0 N\u00e4itusel on meie kooli \u00f5limaaliringi \u00f5pilaste kunstit\u00f6\u00f6d. (Juhendajaks \u00f5petaja Malle Koppel.)","og_url":"https:\/\/sydalinna.edu.ee\/eng\/avatud-on-meie-kooli-opilaste-kunstinaitus\/","og_site_name":"Tallinna S\u00fcdalinna kool","article_published_time":"2025-11-10T06:20:06+00:00","article_modified_time":"2025-12-22T15:36:00+00:00","og_image":[{"width":477,"height":675,"url":"https:\/\/sydalinna.edu.ee\/wp-content\/uploads\/2025\/11\/Kuvatommis-2025-11-09-093436.png","type":"image\/png"}],"author":"Anna-Kaisa Kollo","twitter_card":"summary_large_image","twitter_misc":{"Written by":"Anna-Kaisa Kollo","Est. reading time":"1 minute"},"schema":{"@context":"https:\/\/schema.org","@graph":[{"@type":"Article","@id":"https:\/\/sydalinna.edu.ee\/eng\/avatud-on-meie-kooli-opilaste-kunstinaitus\/#article","isPartOf":{"@id":"https:\/\/sydalinna.edu.ee\/eng\/avatud-on-meie-kooli-opilaste-kunstinaitus\/"},"author":{"name":"Anna-Kaisa Kollo","@id":"https:\/\/sydalinna.edu.ee\/#\/schema\/person\/ace0bbb186cd946665450ec9c3c8fe9a"},"headline":"Avatud on meie kooli \u00f5pilaste kunstin\u00e4itus","datePublished":"2025-11-10T06:20:06+00:00","dateModified":"2025-12-22T15:36:00+00:00","mainEntityOfPage":{"@id":"https:\/\/sydalinna.edu.ee\/eng\/avatud-on-meie-kooli-opilaste-kunstinaitus\/"},"wordCount":69,"commentCount":0,"publisher":{"@id":"https:\/\/sydalinna.edu.ee\/#organization"},"image":{"@id":"https:\/\/sydalinna.edu.ee\/eng\/avatud-on-meie-kooli-opilaste-kunstinaitus\/#primaryimage"},"thumbnailUrl":"https:\/\/sydalinna.edu.ee\/wp-content\/uploads\/2025\/11\/Kuvatommis-2025-11-09-093436.png","articleSection":["\u00dcldine"],"inLanguage":"en-US","potentialAction":[{"@type":"CommentAction","name":"Comment","target":["https:\/\/sydalinna.edu.ee\/eng\/avatud-on-meie-kooli-opilaste-kunstinaitus\/#respond"]}]},{"@type":"WebPage","@id":"https:\/\/sydalinna.edu.ee\/eng\/avatud-on-meie-kooli-opilaste-kunstinaitus\/","url":"https:\/\/sydalinna.edu.ee\/eng\/avatud-on-meie-kooli-opilaste-kunstinaitus\/","name":"Avatud on meie kooli \u00f5pilaste kunstin\u00e4itus - Tallinna S\u00fcdalinna kool","isPartOf":{"@id":"https:\/\/sydalinna.edu.ee\/#website"},"primaryImageOfPage":{"@id":"https:\/\/sydalinna.edu.ee\/eng\/avatud-on-meie-kooli-opilaste-kunstinaitus\/#primaryimage"},"image":{"@id":"https:\/\/sydalinna.edu.ee\/eng\/avatud-on-meie-kooli-opilaste-kunstinaitus\/#primaryimage"},"thumbnailUrl":"https:\/\/sydalinna.edu.ee\/wp-content\/uploads\/2025\/11\/Kuvatommis-2025-11-09-093436.png","datePublished":"2025-11-10T06:20:06+00:00","dateModified":"2025-12-22T15:36:00+00:00","breadcrumb":{"@id":"https:\/\/sydalinna.edu.ee\/eng\/avatud-on-meie-kooli-opilaste-kunstinaitus\/#breadcrumb"},"inLanguage":"en-US","potentialAction":[{"@type":"ReadAction","target":["https:\/\/sydalinna.edu.ee\/eng\/avatud-on-meie-kooli-opilaste-kunstinaitus\/"]}]},{"@type":"ImageObject","inLanguage":"en-US","@id":"https:\/\/sydalinna.edu.ee\/eng\/avatud-on-meie-kooli-opilaste-kunstinaitus\/#primaryimage","url":"https:\/\/sydalinna.edu.ee\/wp-content\/uploads\/2025\/11\/Kuvatommis-2025-11-09-093436.png","contentUrl":"https:\/\/sydalinna.edu.ee\/wp-content\/uploads\/2025\/11\/Kuvatommis-2025-11-09-093436.png","width":477,"height":675},{"@type":"BreadcrumbList","@id":"https:\/\/sydalinna.edu.ee\/eng\/avatud-on-meie-kooli-opilaste-kunstinaitus\/#breadcrumb","itemListElement":[{"@type":"ListItem","position":1,"name":"Avaleht","item":"https:\/\/sydalinna.edu.ee\/"},{"@type":"ListItem","position":2,"name":"Avatud on meie kooli \u00f5pilaste kunstin\u00e4itus"}]},{"@type":"WebSite","@id":"https:\/\/sydalinna.edu.ee\/#website","url":"https:\/\/sydalinna.edu.ee\/","name":"Tallinna S\u00fcdalinna kool","description":"Kodune kool kesklinna s\u00fcdames.","publisher":{"@id":"https:\/\/sydalinna.edu.ee\/#organization"},"potentialAction":[{"@type":"SearchAction","target":{"@type":"EntryPoint","urlTemplate":"https:\/\/sydalinna.edu.ee\/?s={search_term_string}"},"query-input":{"@type":"PropertyValueSpecification","valueRequired":true,"valueName":"search_term_string"}}],"inLanguage":"en-US"},{"@type":"Organization","@id":"https:\/\/sydalinna.edu.ee\/#organization","name":"Tallinna S\u00fcdalinna kool","url":"https:\/\/sydalinna.edu.ee\/","logo":{"@type":"ImageObject","inLanguage":"en-US","@id":"https:\/\/sydalinna.edu.ee\/#\/schema\/logo\/image\/","url":"https:\/\/sydalinna.edu.ee\/wp-content\/uploads\/2021\/12\/g1.svg","contentUrl":"https:\/\/sydalinna.edu.ee\/wp-content\/uploads\/2021\/12\/g1.svg","width":185,"height":45,"caption":"Tallinna S\u00fcdalinna kool"},"image":{"@id":"https:\/\/sydalinna.edu.ee\/#\/schema\/logo\/image\/"}},{"@type":"Person","@id":"https:\/\/sydalinna.edu.ee\/#\/schema\/person\/ace0bbb186cd946665450ec9c3c8fe9a","name":"Anna-Kaisa Kollo","image":{"@type":"ImageObject","inLanguage":"en-US","@id":"https:\/\/sydalinna.edu.ee\/#\/schema\/person\/image\/","url":"https:\/\/secure.gravatar.com\/avatar\/871de64cdf505db75c9cba5f61f4098e5615f361e834001c91980de533ac7518?s=96&d=mm&r=g","contentUrl":"https:\/\/secure.gravatar.com\/avatar\/871de64cdf505db75c9cba5f61f4098e5615f361e834001c91980de533ac7518?s=96&d=mm&r=g","caption":"Anna-Kaisa Kollo"},"url":"https:\/\/sydalinna.edu.ee\/eng\/author\/kollo\/"}]}},"_links":{"self":[{"href":"https:\/\/sydalinna.edu.ee\/eng\/wp-json\/wp\/v2\/posts\/8466","targetHints":{"allow":["GET"]}}],"collection":[{"href":"https:\/\/sydalinna.edu.ee\/eng\/wp-json\/wp\/v2\/posts"}],"about":[{"href":"https:\/\/sydalinna.edu.ee\/eng\/wp-json\/wp\/v2\/types\/post"}],"author":[{"embeddable":true,"href":"https:\/\/sydalinna.edu.ee\/eng\/wp-json\/wp\/v2\/users\/10"}],"replies":[{"embeddable":true,"href":"https:\/\/sydalinna.edu.ee\/eng\/wp-json\/wp\/v2\/comments?post=8466"}],"version-history":[{"count":2,"href":"https:\/\/sydalinna.edu.ee\/eng\/wp-json\/wp\/v2\/posts\/8466\/revisions"}],"predecessor-version":[{"id":10080,"href":"https:\/\/sydalinna.edu.ee\/eng\/wp-json\/wp\/v2\/posts\/8466\/revisions\/10080"}],"wp:featuredmedia":[{"embeddable":true,"href":"https:\/\/sydalinna.edu.ee\/eng\/wp-json\/wp\/v2\/media\/8468"}],"wp:attachment":[{"href":"https:\/\/sydalinna.edu.ee\/eng\/wp-json\/wp\/v2\/media?parent=8466"}],"wp:term":[{"taxonomy":"category","embeddable":true,"href":"https:\/\/sydalinna.edu.ee\/eng\/wp-json\/wp\/v2\/categories?post=8466"},{"taxonomy":"post_tag","embeddable":true,"href":"https:\/\/sydalinna.edu.ee\/eng\/wp-json\/wp\/v2\/tags?post=8466"}],"curies":[{"name":"wp","href":"https:\/\/api.w.org\/{rel}","templated":true}]}}