{"id":8291,"date":"2025-08-08T14:57:45","date_gmt":"2025-08-08T14:57:45","guid":{"rendered":"https:\/\/sydalinna-edu-ee.vserver.zonevs.eu\/?p=8291"},"modified":"2025-08-08T14:57:46","modified_gmt":"2025-08-08T14:57:46","slug":"eelkool-2025-2026-oppeaastal","status":"publish","type":"post","link":"https:\/\/sydalinna.edu.ee\/eng\/eelkool-2025-2026-oppeaastal\/","title":{"rendered":"Eelkool 2025\/2026. \u00f5ppeaastal"},"content":{"rendered":"<p>S\u00fcdalinna Kool ootab alates oktoobrist 2025 eelkooli lapsi, kes tulevad 1. klassi s\u00fcgisel 2026 (selleks ajaks on laps 7-aastane).\u00a0 Eelkool l\u00f5ppeb mai kolmandal n\u00e4dalal.\u00a0<\/p>\n\n\n\n<p><strong>Registreerimine avatakse septembri esimese n\u00e4dala l\u00f5pus.<\/strong><\/p>\n\n\n\n<p>Eelkooli kuutasu on 60 eurot. Tegemist on kohatasuga ehk maksta tuleb ka siis, kui laps m\u00f5nes tunnis ei osale.&nbsp;<\/p>\n\n\n\n<p><\/p>","protected":false},"excerpt":{"rendered":"<p>S\u00fcdalinna Kool ootab alates oktoobrist 2025 eelkooli lapsi, kes tulevad 1. klassi s\u00fcgisel 2026 (selleks ajaks on laps 7-aastane).\u00a0 Eelkool l\u00f5ppeb mai kolmandal n\u00e4dalal.\u00a0 Registreerimine avatakse septembri esimese n\u00e4dala l\u00f5pus. Eelkooli kuutasu on 60 eurot. Tegemist on kohatasuga ehk maksta tuleb ka siis, kui laps m\u00f5nes tunnis ei osale.&nbsp;<\/p>","protected":false},"author":10,"featured_media":7484,"comment_status":"open","ping_status":"open","sticky":false,"template":"","format":"standard","meta":{"_kad_post_transparent":"","_kad_post_title":"","_kad_post_layout":"","_kad_post_sidebar_id":"","_kad_post_content_style":"","_kad_post_vertical_padding":"","_kad_post_feature":"","_kad_post_feature_position":"","_kad_post_header":false,"_kad_post_footer":false,"_kad_post_classname":"","footnotes":""},"categories":[1],"tags":[],"class_list":["post-8291","post","type-post","status-publish","format-standard","has-post-thumbnail","hentry","category-uldine"],"yoast_head":"<!-- This site is optimized with the Yoast SEO Premium plugin v20.11 (Yoast SEO v26.6) - https:\/\/yoast.com\/wordpress\/plugins\/seo\/ -->\n<title>Eelkool 2025\/2026. \u00f5ppeaastal - Tallinna S\u00fcdalinna kool<\/title>\n<meta name=\"robots\" content=\"index, follow, max-snippet:-1, max-image-preview:large, max-video-preview:-1\" \/>\n<link rel=\"canonical\" href=\"https:\/\/sydalinna.edu.ee\/eng\/eelkool-2025-2026-oppeaastal\/\" \/>\n<meta property=\"og:locale\" content=\"en_US\" \/>\n<meta property=\"og:type\" content=\"article\" \/>\n<meta property=\"og:title\" content=\"Eelkool 2025\/2026. \u00f5ppeaastal\" \/>\n<meta property=\"og:description\" content=\"S\u00fcdalinna Kool ootab alates oktoobrist 2025 eelkooli lapsi, kes tulevad 1. klassi s\u00fcgisel 2026 (selleks ajaks on laps 7-aastane).\u00a0 Eelkool l\u00f5ppeb mai kolmandal n\u00e4dalal.\u00a0 Registreerimine avatakse septembri esimese n\u00e4dala l\u00f5pus. Eelkooli kuutasu on 60 eurot. Tegemist on kohatasuga ehk maksta tuleb ka siis, kui laps m\u00f5nes tunnis ei osale.&nbsp;\" \/>\n<meta property=\"og:url\" content=\"https:\/\/sydalinna.edu.ee\/eng\/eelkool-2025-2026-oppeaastal\/\" \/>\n<meta property=\"og:site_name\" content=\"Tallinna S\u00fcdalinna kool\" \/>\n<meta property=\"article:published_time\" content=\"2025-08-08T14:57:45+00:00\" \/>\n<meta property=\"article:modified_time\" content=\"2025-08-08T14:57:46+00:00\" \/>\n<meta property=\"og:image\" content=\"https:\/\/sydalinna.edu.ee\/wp-content\/uploads\/2024\/08\/plakat1.png\" \/>\n\t<meta property=\"og:image:width\" content=\"1587\" \/>\n\t<meta property=\"og:image:height\" content=\"938\" \/>\n\t<meta property=\"og:image:type\" content=\"image\/png\" \/>\n<meta name=\"author\" content=\"Anna-Kaisa Kollo\" \/>\n<meta name=\"twitter:card\" content=\"summary_large_image\" \/>\n<meta name=\"twitter:label1\" content=\"Written by\" \/>\n\t<meta name=\"twitter:data1\" content=\"Anna-Kaisa Kollo\" \/>\n\t<meta name=\"twitter:label2\" content=\"Est. reading time\" \/>\n\t<meta name=\"twitter:data2\" content=\"1 minute\" \/>\n<script type=\"application\/ld+json\" class=\"yoast-schema-graph\">{\"@context\":\"https:\/\/schema.org\",\"@graph\":[{\"@type\":\"Article\",\"@id\":\"https:\/\/sydalinna.edu.ee\/eng\/eelkool-2025-2026-oppeaastal\/#article\",\"isPartOf\":{\"@id\":\"https:\/\/sydalinna.edu.ee\/eng\/eelkool-2025-2026-oppeaastal\/\"},\"author\":{\"name\":\"Anna-Kaisa Kollo\",\"@id\":\"https:\/\/sydalinna.edu.ee\/#\/schema\/person\/ace0bbb186cd946665450ec9c3c8fe9a\"},\"headline\":\"Eelkool 2025\/2026. \u00f5ppeaastal\",\"datePublished\":\"2025-08-08T14:57:45+00:00\",\"dateModified\":\"2025-08-08T14:57:46+00:00\",\"mainEntityOfPage\":{\"@id\":\"https:\/\/sydalinna.edu.ee\/eng\/eelkool-2025-2026-oppeaastal\/\"},\"wordCount\":55,\"commentCount\":0,\"publisher\":{\"@id\":\"https:\/\/sydalinna.edu.ee\/#organization\"},\"image\":{\"@id\":\"https:\/\/sydalinna.edu.ee\/eng\/eelkool-2025-2026-oppeaastal\/#primaryimage\"},\"thumbnailUrl\":\"https:\/\/sydalinna.edu.ee\/wp-content\/uploads\/2024\/08\/plakat1.png\",\"articleSection\":[\"\u00dcldine\"],\"inLanguage\":\"en-US\",\"potentialAction\":[{\"@type\":\"CommentAction\",\"name\":\"Comment\",\"target\":[\"https:\/\/sydalinna.edu.ee\/eng\/eelkool-2025-2026-oppeaastal\/#respond\"]}]},{\"@type\":\"WebPage\",\"@id\":\"https:\/\/sydalinna.edu.ee\/eng\/eelkool-2025-2026-oppeaastal\/\",\"url\":\"https:\/\/sydalinna.edu.ee\/eng\/eelkool-2025-2026-oppeaastal\/\",\"name\":\"Eelkool 2025\/2026. \u00f5ppeaastal - Tallinna S\u00fcdalinna kool\",\"isPartOf\":{\"@id\":\"https:\/\/sydalinna.edu.ee\/#website\"},\"primaryImageOfPage\":{\"@id\":\"https:\/\/sydalinna.edu.ee\/eng\/eelkool-2025-2026-oppeaastal\/#primaryimage\"},\"image\":{\"@id\":\"https:\/\/sydalinna.edu.ee\/eng\/eelkool-2025-2026-oppeaastal\/#primaryimage\"},\"thumbnailUrl\":\"https:\/\/sydalinna.edu.ee\/wp-content\/uploads\/2024\/08\/plakat1.png\",\"datePublished\":\"2025-08-08T14:57:45+00:00\",\"dateModified\":\"2025-08-08T14:57:46+00:00\",\"breadcrumb\":{\"@id\":\"https:\/\/sydalinna.edu.ee\/eng\/eelkool-2025-2026-oppeaastal\/#breadcrumb\"},\"inLanguage\":\"en-US\",\"potentialAction\":[{\"@type\":\"ReadAction\",\"target\":[\"https:\/\/sydalinna.edu.ee\/eng\/eelkool-2025-2026-oppeaastal\/\"]}]},{\"@type\":\"ImageObject\",\"inLanguage\":\"en-US\",\"@id\":\"https:\/\/sydalinna.edu.ee\/eng\/eelkool-2025-2026-oppeaastal\/#primaryimage\",\"url\":\"https:\/\/sydalinna.edu.ee\/wp-content\/uploads\/2024\/08\/plakat1.png\",\"contentUrl\":\"https:\/\/sydalinna.edu.ee\/wp-content\/uploads\/2024\/08\/plakat1.png\",\"width\":1587,\"height\":938},{\"@type\":\"BreadcrumbList\",\"@id\":\"https:\/\/sydalinna.edu.ee\/eng\/eelkool-2025-2026-oppeaastal\/#breadcrumb\",\"itemListElement\":[{\"@type\":\"ListItem\",\"position\":1,\"name\":\"Avaleht\",\"item\":\"https:\/\/sydalinna.edu.ee\/\"},{\"@type\":\"ListItem\",\"position\":2,\"name\":\"Eelkool 2025\/2026. \u00f5ppeaastal\"}]},{\"@type\":\"WebSite\",\"@id\":\"https:\/\/sydalinna.edu.ee\/#website\",\"url\":\"https:\/\/sydalinna.edu.ee\/\",\"name\":\"Tallinna S\u00fcdalinna kool\",\"description\":\"Kodune kool kesklinna s\u00fcdames.\",\"publisher\":{\"@id\":\"https:\/\/sydalinna.edu.ee\/#organization\"},\"potentialAction\":[{\"@type\":\"SearchAction\",\"target\":{\"@type\":\"EntryPoint\",\"urlTemplate\":\"https:\/\/sydalinna.edu.ee\/?s={search_term_string}\"},\"query-input\":{\"@type\":\"PropertyValueSpecification\",\"valueRequired\":true,\"valueName\":\"search_term_string\"}}],\"inLanguage\":\"en-US\"},{\"@type\":\"Organization\",\"@id\":\"https:\/\/sydalinna.edu.ee\/#organization\",\"name\":\"Tallinna S\u00fcdalinna kool\",\"url\":\"https:\/\/sydalinna.edu.ee\/\",\"logo\":{\"@type\":\"ImageObject\",\"inLanguage\":\"en-US\",\"@id\":\"https:\/\/sydalinna.edu.ee\/#\/schema\/logo\/image\/\",\"url\":\"https:\/\/sydalinna.edu.ee\/wp-content\/uploads\/2021\/12\/g1.svg\",\"contentUrl\":\"https:\/\/sydalinna.edu.ee\/wp-content\/uploads\/2021\/12\/g1.svg\",\"width\":185,\"height\":45,\"caption\":\"Tallinna S\u00fcdalinna kool\"},\"image\":{\"@id\":\"https:\/\/sydalinna.edu.ee\/#\/schema\/logo\/image\/\"}},{\"@type\":\"Person\",\"@id\":\"https:\/\/sydalinna.edu.ee\/#\/schema\/person\/ace0bbb186cd946665450ec9c3c8fe9a\",\"name\":\"Anna-Kaisa Kollo\",\"image\":{\"@type\":\"ImageObject\",\"inLanguage\":\"en-US\",\"@id\":\"https:\/\/sydalinna.edu.ee\/#\/schema\/person\/image\/\",\"url\":\"https:\/\/secure.gravatar.com\/avatar\/871de64cdf505db75c9cba5f61f4098e5615f361e834001c91980de533ac7518?s=96&d=mm&r=g\",\"contentUrl\":\"https:\/\/secure.gravatar.com\/avatar\/871de64cdf505db75c9cba5f61f4098e5615f361e834001c91980de533ac7518?s=96&d=mm&r=g\",\"caption\":\"Anna-Kaisa Kollo\"},\"url\":\"https:\/\/sydalinna.edu.ee\/eng\/author\/kollo\/\"}]}<\/script>\n<!-- \/ Yoast SEO Premium plugin. -->","yoast_head_json":{"title":"Eelkool 2025\/2026. \u00f5ppeaastal - Tallinna S\u00fcdalinna kool","robots":{"index":"index","follow":"follow","max-snippet":"max-snippet:-1","max-image-preview":"max-image-preview:large","max-video-preview":"max-video-preview:-1"},"canonical":"https:\/\/sydalinna.edu.ee\/eng\/eelkool-2025-2026-oppeaastal\/","og_locale":"en_US","og_type":"article","og_title":"Eelkool 2025\/2026. \u00f5ppeaastal","og_description":"S\u00fcdalinna Kool ootab alates oktoobrist 2025 eelkooli lapsi, kes tulevad 1. klassi s\u00fcgisel 2026 (selleks ajaks on laps 7-aastane).\u00a0 Eelkool l\u00f5ppeb mai kolmandal n\u00e4dalal.\u00a0 Registreerimine avatakse septembri esimese n\u00e4dala l\u00f5pus. Eelkooli kuutasu on 60 eurot. Tegemist on kohatasuga ehk maksta tuleb ka siis, kui laps m\u00f5nes tunnis ei osale.&nbsp;","og_url":"https:\/\/sydalinna.edu.ee\/eng\/eelkool-2025-2026-oppeaastal\/","og_site_name":"Tallinna S\u00fcdalinna kool","article_published_time":"2025-08-08T14:57:45+00:00","article_modified_time":"2025-08-08T14:57:46+00:00","og_image":[{"width":1587,"height":938,"url":"https:\/\/sydalinna.edu.ee\/wp-content\/uploads\/2024\/08\/plakat1.png","type":"image\/png"}],"author":"Anna-Kaisa Kollo","twitter_card":"summary_large_image","twitter_misc":{"Written by":"Anna-Kaisa Kollo","Est. reading time":"1 minute"},"schema":{"@context":"https:\/\/schema.org","@graph":[{"@type":"Article","@id":"https:\/\/sydalinna.edu.ee\/eng\/eelkool-2025-2026-oppeaastal\/#article","isPartOf":{"@id":"https:\/\/sydalinna.edu.ee\/eng\/eelkool-2025-2026-oppeaastal\/"},"author":{"name":"Anna-Kaisa Kollo","@id":"https:\/\/sydalinna.edu.ee\/#\/schema\/person\/ace0bbb186cd946665450ec9c3c8fe9a"},"headline":"Eelkool 2025\/2026. \u00f5ppeaastal","datePublished":"2025-08-08T14:57:45+00:00","dateModified":"2025-08-08T14:57:46+00:00","mainEntityOfPage":{"@id":"https:\/\/sydalinna.edu.ee\/eng\/eelkool-2025-2026-oppeaastal\/"},"wordCount":55,"commentCount":0,"publisher":{"@id":"https:\/\/sydalinna.edu.ee\/#organization"},"image":{"@id":"https:\/\/sydalinna.edu.ee\/eng\/eelkool-2025-2026-oppeaastal\/#primaryimage"},"thumbnailUrl":"https:\/\/sydalinna.edu.ee\/wp-content\/uploads\/2024\/08\/plakat1.png","articleSection":["\u00dcldine"],"inLanguage":"en-US","potentialAction":[{"@type":"CommentAction","name":"Comment","target":["https:\/\/sydalinna.edu.ee\/eng\/eelkool-2025-2026-oppeaastal\/#respond"]}]},{"@type":"WebPage","@id":"https:\/\/sydalinna.edu.ee\/eng\/eelkool-2025-2026-oppeaastal\/","url":"https:\/\/sydalinna.edu.ee\/eng\/eelkool-2025-2026-oppeaastal\/","name":"Eelkool 2025\/2026. \u00f5ppeaastal - Tallinna S\u00fcdalinna kool","isPartOf":{"@id":"https:\/\/sydalinna.edu.ee\/#website"},"primaryImageOfPage":{"@id":"https:\/\/sydalinna.edu.ee\/eng\/eelkool-2025-2026-oppeaastal\/#primaryimage"},"image":{"@id":"https:\/\/sydalinna.edu.ee\/eng\/eelkool-2025-2026-oppeaastal\/#primaryimage"},"thumbnailUrl":"https:\/\/sydalinna.edu.ee\/wp-content\/uploads\/2024\/08\/plakat1.png","datePublished":"2025-08-08T14:57:45+00:00","dateModified":"2025-08-08T14:57:46+00:00","breadcrumb":{"@id":"https:\/\/sydalinna.edu.ee\/eng\/eelkool-2025-2026-oppeaastal\/#breadcrumb"},"inLanguage":"en-US","potentialAction":[{"@type":"ReadAction","target":["https:\/\/sydalinna.edu.ee\/eng\/eelkool-2025-2026-oppeaastal\/"]}]},{"@type":"ImageObject","inLanguage":"en-US","@id":"https:\/\/sydalinna.edu.ee\/eng\/eelkool-2025-2026-oppeaastal\/#primaryimage","url":"https:\/\/sydalinna.edu.ee\/wp-content\/uploads\/2024\/08\/plakat1.png","contentUrl":"https:\/\/sydalinna.edu.ee\/wp-content\/uploads\/2024\/08\/plakat1.png","width":1587,"height":938},{"@type":"BreadcrumbList","@id":"https:\/\/sydalinna.edu.ee\/eng\/eelkool-2025-2026-oppeaastal\/#breadcrumb","itemListElement":[{"@type":"ListItem","position":1,"name":"Avaleht","item":"https:\/\/sydalinna.edu.ee\/"},{"@type":"ListItem","position":2,"name":"Eelkool 2025\/2026. \u00f5ppeaastal"}]},{"@type":"WebSite","@id":"https:\/\/sydalinna.edu.ee\/#website","url":"https:\/\/sydalinna.edu.ee\/","name":"Tallinna S\u00fcdalinna kool","description":"Kodune kool kesklinna s\u00fcdames.","publisher":{"@id":"https:\/\/sydalinna.edu.ee\/#organization"},"potentialAction":[{"@type":"SearchAction","target":{"@type":"EntryPoint","urlTemplate":"https:\/\/sydalinna.edu.ee\/?s={search_term_string}"},"query-input":{"@type":"PropertyValueSpecification","valueRequired":true,"valueName":"search_term_string"}}],"inLanguage":"en-US"},{"@type":"Organization","@id":"https:\/\/sydalinna.edu.ee\/#organization","name":"Tallinna S\u00fcdalinna kool","url":"https:\/\/sydalinna.edu.ee\/","logo":{"@type":"ImageObject","inLanguage":"en-US","@id":"https:\/\/sydalinna.edu.ee\/#\/schema\/logo\/image\/","url":"https:\/\/sydalinna.edu.ee\/wp-content\/uploads\/2021\/12\/g1.svg","contentUrl":"https:\/\/sydalinna.edu.ee\/wp-content\/uploads\/2021\/12\/g1.svg","width":185,"height":45,"caption":"Tallinna S\u00fcdalinna kool"},"image":{"@id":"https:\/\/sydalinna.edu.ee\/#\/schema\/logo\/image\/"}},{"@type":"Person","@id":"https:\/\/sydalinna.edu.ee\/#\/schema\/person\/ace0bbb186cd946665450ec9c3c8fe9a","name":"Anna-Kaisa Kollo","image":{"@type":"ImageObject","inLanguage":"en-US","@id":"https:\/\/sydalinna.edu.ee\/#\/schema\/person\/image\/","url":"https:\/\/secure.gravatar.com\/avatar\/871de64cdf505db75c9cba5f61f4098e5615f361e834001c91980de533ac7518?s=96&d=mm&r=g","contentUrl":"https:\/\/secure.gravatar.com\/avatar\/871de64cdf505db75c9cba5f61f4098e5615f361e834001c91980de533ac7518?s=96&d=mm&r=g","caption":"Anna-Kaisa Kollo"},"url":"https:\/\/sydalinna.edu.ee\/eng\/author\/kollo\/"}]}},"_links":{"self":[{"href":"https:\/\/sydalinna.edu.ee\/eng\/wp-json\/wp\/v2\/posts\/8291","targetHints":{"allow":["GET"]}}],"collection":[{"href":"https:\/\/sydalinna.edu.ee\/eng\/wp-json\/wp\/v2\/posts"}],"about":[{"href":"https:\/\/sydalinna.edu.ee\/eng\/wp-json\/wp\/v2\/types\/post"}],"author":[{"embeddable":true,"href":"https:\/\/sydalinna.edu.ee\/eng\/wp-json\/wp\/v2\/users\/10"}],"replies":[{"embeddable":true,"href":"https:\/\/sydalinna.edu.ee\/eng\/wp-json\/wp\/v2\/comments?post=8291"}],"version-history":[{"count":1,"href":"https:\/\/sydalinna.edu.ee\/eng\/wp-json\/wp\/v2\/posts\/8291\/revisions"}],"predecessor-version":[{"id":8292,"href":"https:\/\/sydalinna.edu.ee\/eng\/wp-json\/wp\/v2\/posts\/8291\/revisions\/8292"}],"wp:featuredmedia":[{"embeddable":true,"href":"https:\/\/sydalinna.edu.ee\/eng\/wp-json\/wp\/v2\/media\/7484"}],"wp:attachment":[{"href":"https:\/\/sydalinna.edu.ee\/eng\/wp-json\/wp\/v2\/media?parent=8291"}],"wp:term":[{"taxonomy":"category","embeddable":true,"href":"https:\/\/sydalinna.edu.ee\/eng\/wp-json\/wp\/v2\/categories?post=8291"},{"taxonomy":"post_tag","embeddable":true,"href":"https:\/\/sydalinna.edu.ee\/eng\/wp-json\/wp\/v2\/tags?post=8291"}],"curies":[{"name":"wp","href":"https:\/\/api.w.org\/{rel}","templated":true}]}}