{"id":8259,"date":"2025-06-13T12:15:51","date_gmt":"2025-06-13T12:15:51","guid":{"rendered":"https:\/\/sydalinna-edu-ee.vserver.zonevs.eu\/?p=8259"},"modified":"2025-06-13T12:15:52","modified_gmt":"2025-06-13T12:15:52","slug":"tanu-abi-eest-keelelahetuse-labiviimisel","status":"publish","type":"post","link":"https:\/\/sydalinna.edu.ee\/eng\/tanu-abi-eest-keelelahetuse-labiviimisel\/","title":{"rendered":"T\u00e4nu abi eest keelel\u00e4hetuse l\u00e4biviimisel"},"content":{"rendered":"<p>Meie kooli \u00fcheks p\u00f5hiv\u00e4\u00e4rtuseks on avatus. Meie koolipere on viimase 9 aasta jooksul harjunud k\u00fclalistega. \u00dcha enam v\u00f5tame vastu pikemate praktikate sooritajaid. L\u00e4bi&nbsp;<a><\/a>selle on t\u00f5usnud meie \u00f5petajate professionaalsus ja ka juhendamise oskused.<\/p>\n\n\n\n<p>Viimasel kahel \u00f5ppeaastal vastu v\u00f5tnud \u00fclemineku koolide \u00f5petajaid juba mituk\u00fcmmend nii Tallinnast kui ka Ida-Virumaalt.<\/p>\n\n\n\n<p><img decoding=\"async\" height=\"16\" width=\"16\" alt=\"\u2764\ufe0f\" src=\"https:\/\/ci3.googleusercontent.com\/meips\/ADKq_NZRrj8noAn6j807cfIhGjF1hVtX5h3qP9cAd0G44lg6i4-6qu_yq3xLBhOYqfLMOwdJzaZJYL5UP80500AkKkmISYHMdWrq9cmdYcmK1TOjPLHaPGiWRg=s0-d-e1-ft#https:\/\/static.xx.fbcdn.net\/images\/emoji.php\/v9\/t6c\/1\/16\/2764.png\">Keelep\u00e4\u00e4sukese projekti toel oli meie koolis sellel \u00f5ppeaastal kokku 7 keeler\u00e4ndurit, kes viibisid meie koolis 2 n\u00e4dalat. Selle aja jooksul vaadeldakse erinevates kooliastmetes tunde, osaletakse kooliperega koos \u00fcritustel, abistatakse ja \u00f5pitakse koos oma mentoriga eesti keelt (sh kultuuriasutusi k\u00fclastades).<\/p>\n\n\n\n<p>Keelep\u00e4\u00e4sukeste roll on v\u00e4ga oluline, sest nende tagasiside on v\u00e4ga oluline ka kooli arengule. Alati vestleb juhtkond praktika l\u00f5pus k\u00f5igi keeler\u00e4nduritega, et saada tagasisidet, mida meie koolis m\u00e4rgati ja kuidas saaks asju veel paremini teha.<\/p>\n\n\n\n<p>Mentoriteks olid keelep\u00e4\u00e4sukestele sellel aastal \u00f5petaja Heli Hirs, \u00f5petaja Signe Kivi ja \u00f5petaja Pille-Riin Talts.<\/p>\n\n\n\n<p><img decoding=\"async\" height=\"16\" width=\"16\" alt=\"\u2764\ufe0f\" src=\"https:\/\/ci3.googleusercontent.com\/meips\/ADKq_NZRrj8noAn6j807cfIhGjF1hVtX5h3qP9cAd0G44lg6i4-6qu_yq3xLBhOYqfLMOwdJzaZJYL5UP80500AkKkmISYHMdWrq9cmdYcmK1TOjPLHaPGiWRg=s0-d-e1-ft#https:\/\/static.xx.fbcdn.net\/images\/emoji.php\/v9\/t6c\/1\/16\/2764.png\">T\u00e4iendavalt v\u00f5\u00f5rustasime ka 7 n\u00e4dala jooksul 6 \u00f5petajat Tallinna \u00fcleminekukoolidest. Need \u00f5petajad lisaks vaatlustele andsid ka ise tunde n\u00e4dalate viisi. Nende mentoriteks olid \u00f5petaja Reet Rausberg, \u00f5petaja Riina Abner, \u00f5petaja Horm-Kristjan Kuuse, \u00f5petaja Heli Hirs.<\/p>\n\n\n\n<p><img decoding=\"async\" height=\"16\" width=\"16\" alt=\"\u2764\ufe0f\" src=\"https:\/\/ci3.googleusercontent.com\/meips\/ADKq_NZRrj8noAn6j807cfIhGjF1hVtX5h3qP9cAd0G44lg6i4-6qu_yq3xLBhOYqfLMOwdJzaZJYL5UP80500AkKkmISYHMdWrq9cmdYcmK1TOjPLHaPGiWRg=s0-d-e1-ft#https:\/\/static.xx.fbcdn.net\/images\/emoji.php\/v9\/t6c\/1\/16\/2764.png\">Lisaks olid meie koolis \u00f5ppeaasta jooksul praktikal mitmete erinevate erialade tudengid (nt eripedagoogid, haridustehnoloogid, lasteaia\u00f5petajad &#8211; nende juhendajaks olid \u00f5petaja Kerttu M\u00f6lder-Jevdokimov ja Kristin Kask.)<\/p>\n\n\n\n<p><img decoding=\"async\" height=\"16\" width=\"16\" alt=\"\u2764\ufe0f\" src=\"https:\/\/ci3.googleusercontent.com\/meips\/ADKq_NZRrj8noAn6j807cfIhGjF1hVtX5h3qP9cAd0G44lg6i4-6qu_yq3xLBhOYqfLMOwdJzaZJYL5UP80500AkKkmISYHMdWrq9cmdYcmK1TOjPLHaPGiWRg=s0-d-e1-ft#https:\/\/static.xx.fbcdn.net\/images\/emoji.php\/v9\/t6c\/1\/16\/2764.png\">Lisaks olid sellel \u00f5ppeaastal meie koolis n\u00e4dalasel praktikal 5 \u00f5petajat Prantsusmaalt ja 1 \u00f5petaja-\u00f5ppejuht K\u00fcproselt. V\u00e4lisk\u00fclaliste mentoriks oli \u00f5petaja Kerttu M\u00f6lder-Jevdokimov.<\/p>\n\n\n\n<p><img decoding=\"async\" height=\"16\" width=\"16\" src=\"https:\/\/ci3.googleusercontent.com\/meips\/ADKq_NZRrj8noAn6j807cfIhGjF1hVtX5h3qP9cAd0G44lg6i4-6qu_yq3xLBhOYqfLMOwdJzaZJYL5UP80500AkKkmISYHMdWrq9cmdYcmK1TOjPLHaPGiWRg=s0-d-e1-ft#https:\/\/static.xx.fbcdn.net\/images\/emoji.php\/v9\/t6c\/1\/16\/2764.png\" alt=\"\u2764\ufe0f\">K\u00fcll aga k\u00e4idi vaatlemas k\u00f5ikide \u00f5petajate tunde \u00f5ppeaasta jooksul korduvalt ja korduvalt. Seet\u00f5ttu t\u00e4name k\u00f5iki \u00f5petajaid, kes on oma klassiruumide uksed avanud k\u00fclalistele.<\/p>","protected":false},"excerpt":{"rendered":"<p>Meie kooli \u00fcheks p\u00f5hiv\u00e4\u00e4rtuseks on avatus. Meie koolipere on viimase 9 aasta jooksul harjunud k\u00fclalistega. \u00dcha enam v\u00f5tame vastu pikemate praktikate sooritajaid. L\u00e4bi&nbsp;selle on t\u00f5usnud meie \u00f5petajate professionaalsus ja ka juhendamise oskused. Viimasel kahel \u00f5ppeaastal vastu v\u00f5tnud \u00fclemineku koolide \u00f5petajaid juba mituk\u00fcmmend nii Tallinnast kui ka Ida-Virumaalt. Keelep\u00e4\u00e4sukese projekti toel oli meie koolis sellel \u00f5ppeaastal&#8230;<\/p>","protected":false},"author":10,"featured_media":8258,"comment_status":"open","ping_status":"open","sticky":false,"template":"","format":"standard","meta":{"_kad_post_transparent":"","_kad_post_title":"","_kad_post_layout":"","_kad_post_sidebar_id":"","_kad_post_content_style":"","_kad_post_vertical_padding":"","_kad_post_feature":"","_kad_post_feature_position":"","_kad_post_header":false,"_kad_post_footer":false,"_kad_post_classname":"","footnotes":""},"categories":[1],"tags":[],"class_list":["post-8259","post","type-post","status-publish","format-standard","has-post-thumbnail","hentry","category-uldine"],"yoast_head":"<!-- This site is optimized with the Yoast SEO Premium plugin v20.11 (Yoast SEO v26.6) - https:\/\/yoast.com\/wordpress\/plugins\/seo\/ -->\n<title>T\u00e4nu abi eest keelel\u00e4hetuse l\u00e4biviimisel - Tallinna S\u00fcdalinna kool<\/title>\n<meta name=\"robots\" content=\"index, follow, max-snippet:-1, max-image-preview:large, max-video-preview:-1\" \/>\n<link rel=\"canonical\" href=\"https:\/\/sydalinna.edu.ee\/eng\/tanu-abi-eest-keelelahetuse-labiviimisel\/\" \/>\n<meta property=\"og:locale\" content=\"en_US\" \/>\n<meta property=\"og:type\" content=\"article\" \/>\n<meta property=\"og:title\" content=\"T\u00e4nu abi eest keelel\u00e4hetuse l\u00e4biviimisel\" \/>\n<meta property=\"og:description\" content=\"Meie kooli \u00fcheks p\u00f5hiv\u00e4\u00e4rtuseks on avatus. Meie koolipere on viimase 9 aasta jooksul harjunud k\u00fclalistega. \u00dcha enam v\u00f5tame vastu pikemate praktikate sooritajaid. L\u00e4bi&nbsp;selle on t\u00f5usnud meie \u00f5petajate professionaalsus ja ka juhendamise oskused. Viimasel kahel \u00f5ppeaastal vastu v\u00f5tnud \u00fclemineku koolide \u00f5petajaid juba mituk\u00fcmmend nii Tallinnast kui ka Ida-Virumaalt. Keelep\u00e4\u00e4sukese projekti toel oli meie koolis sellel \u00f5ppeaastal...\" \/>\n<meta property=\"og:url\" content=\"https:\/\/sydalinna.edu.ee\/eng\/tanu-abi-eest-keelelahetuse-labiviimisel\/\" \/>\n<meta property=\"og:site_name\" content=\"Tallinna S\u00fcdalinna kool\" \/>\n<meta property=\"article:published_time\" content=\"2025-06-13T12:15:51+00:00\" \/>\n<meta property=\"article:modified_time\" content=\"2025-06-13T12:15:52+00:00\" \/>\n<meta property=\"og:image\" content=\"https:\/\/sydalinna.edu.ee\/wp-content\/uploads\/2025\/06\/506628067_1321666126165451_6217211115837772694_n.jpg\" \/>\n\t<meta property=\"og:image:width\" content=\"1441\" \/>\n\t<meta property=\"og:image:height\" content=\"1971\" \/>\n\t<meta property=\"og:image:type\" content=\"image\/jpeg\" \/>\n<meta name=\"author\" content=\"Anna-Kaisa Kollo\" \/>\n<meta name=\"twitter:card\" content=\"summary_large_image\" \/>\n<meta name=\"twitter:label1\" content=\"Written by\" \/>\n\t<meta name=\"twitter:data1\" content=\"Anna-Kaisa Kollo\" \/>\n\t<meta name=\"twitter:label2\" content=\"Est. reading time\" \/>\n\t<meta name=\"twitter:data2\" content=\"3 minutes\" \/>\n<script type=\"application\/ld+json\" class=\"yoast-schema-graph\">{\"@context\":\"https:\/\/schema.org\",\"@graph\":[{\"@type\":\"Article\",\"@id\":\"https:\/\/sydalinna.edu.ee\/eng\/tanu-abi-eest-keelelahetuse-labiviimisel\/#article\",\"isPartOf\":{\"@id\":\"https:\/\/sydalinna.edu.ee\/eng\/tanu-abi-eest-keelelahetuse-labiviimisel\/\"},\"author\":{\"name\":\"Anna-Kaisa Kollo\",\"@id\":\"https:\/\/sydalinna.edu.ee\/#\/schema\/person\/ace0bbb186cd946665450ec9c3c8fe9a\"},\"headline\":\"T\u00e4nu abi eest keelel\u00e4hetuse l\u00e4biviimisel\",\"datePublished\":\"2025-06-13T12:15:51+00:00\",\"dateModified\":\"2025-06-13T12:15:52+00:00\",\"mainEntityOfPage\":{\"@id\":\"https:\/\/sydalinna.edu.ee\/eng\/tanu-abi-eest-keelelahetuse-labiviimisel\/\"},\"wordCount\":282,\"commentCount\":0,\"publisher\":{\"@id\":\"https:\/\/sydalinna.edu.ee\/#organization\"},\"image\":{\"@id\":\"https:\/\/sydalinna.edu.ee\/eng\/tanu-abi-eest-keelelahetuse-labiviimisel\/#primaryimage\"},\"thumbnailUrl\":\"https:\/\/sydalinna.edu.ee\/wp-content\/uploads\/2025\/06\/506628067_1321666126165451_6217211115837772694_n.jpg\",\"articleSection\":[\"\u00dcldine\"],\"inLanguage\":\"en-US\",\"potentialAction\":[{\"@type\":\"CommentAction\",\"name\":\"Comment\",\"target\":[\"https:\/\/sydalinna.edu.ee\/eng\/tanu-abi-eest-keelelahetuse-labiviimisel\/#respond\"]}]},{\"@type\":\"WebPage\",\"@id\":\"https:\/\/sydalinna.edu.ee\/eng\/tanu-abi-eest-keelelahetuse-labiviimisel\/\",\"url\":\"https:\/\/sydalinna.edu.ee\/eng\/tanu-abi-eest-keelelahetuse-labiviimisel\/\",\"name\":\"T\u00e4nu abi eest keelel\u00e4hetuse l\u00e4biviimisel - Tallinna S\u00fcdalinna kool\",\"isPartOf\":{\"@id\":\"https:\/\/sydalinna.edu.ee\/#website\"},\"primaryImageOfPage\":{\"@id\":\"https:\/\/sydalinna.edu.ee\/eng\/tanu-abi-eest-keelelahetuse-labiviimisel\/#primaryimage\"},\"image\":{\"@id\":\"https:\/\/sydalinna.edu.ee\/eng\/tanu-abi-eest-keelelahetuse-labiviimisel\/#primaryimage\"},\"thumbnailUrl\":\"https:\/\/sydalinna.edu.ee\/wp-content\/uploads\/2025\/06\/506628067_1321666126165451_6217211115837772694_n.jpg\",\"datePublished\":\"2025-06-13T12:15:51+00:00\",\"dateModified\":\"2025-06-13T12:15:52+00:00\",\"breadcrumb\":{\"@id\":\"https:\/\/sydalinna.edu.ee\/eng\/tanu-abi-eest-keelelahetuse-labiviimisel\/#breadcrumb\"},\"inLanguage\":\"en-US\",\"potentialAction\":[{\"@type\":\"ReadAction\",\"target\":[\"https:\/\/sydalinna.edu.ee\/eng\/tanu-abi-eest-keelelahetuse-labiviimisel\/\"]}]},{\"@type\":\"ImageObject\",\"inLanguage\":\"en-US\",\"@id\":\"https:\/\/sydalinna.edu.ee\/eng\/tanu-abi-eest-keelelahetuse-labiviimisel\/#primaryimage\",\"url\":\"https:\/\/sydalinna.edu.ee\/wp-content\/uploads\/2025\/06\/506628067_1321666126165451_6217211115837772694_n.jpg\",\"contentUrl\":\"https:\/\/sydalinna.edu.ee\/wp-content\/uploads\/2025\/06\/506628067_1321666126165451_6217211115837772694_n.jpg\",\"width\":1441,\"height\":1971},{\"@type\":\"BreadcrumbList\",\"@id\":\"https:\/\/sydalinna.edu.ee\/eng\/tanu-abi-eest-keelelahetuse-labiviimisel\/#breadcrumb\",\"itemListElement\":[{\"@type\":\"ListItem\",\"position\":1,\"name\":\"Avaleht\",\"item\":\"https:\/\/sydalinna.edu.ee\/\"},{\"@type\":\"ListItem\",\"position\":2,\"name\":\"T\u00e4nu abi eest keelel\u00e4hetuse l\u00e4biviimisel\"}]},{\"@type\":\"WebSite\",\"@id\":\"https:\/\/sydalinna.edu.ee\/#website\",\"url\":\"https:\/\/sydalinna.edu.ee\/\",\"name\":\"Tallinna S\u00fcdalinna kool\",\"description\":\"Kodune kool kesklinna s\u00fcdames.\",\"publisher\":{\"@id\":\"https:\/\/sydalinna.edu.ee\/#organization\"},\"potentialAction\":[{\"@type\":\"SearchAction\",\"target\":{\"@type\":\"EntryPoint\",\"urlTemplate\":\"https:\/\/sydalinna.edu.ee\/?s={search_term_string}\"},\"query-input\":{\"@type\":\"PropertyValueSpecification\",\"valueRequired\":true,\"valueName\":\"search_term_string\"}}],\"inLanguage\":\"en-US\"},{\"@type\":\"Organization\",\"@id\":\"https:\/\/sydalinna.edu.ee\/#organization\",\"name\":\"Tallinna S\u00fcdalinna kool\",\"url\":\"https:\/\/sydalinna.edu.ee\/\",\"logo\":{\"@type\":\"ImageObject\",\"inLanguage\":\"en-US\",\"@id\":\"https:\/\/sydalinna.edu.ee\/#\/schema\/logo\/image\/\",\"url\":\"https:\/\/sydalinna.edu.ee\/wp-content\/uploads\/2021\/12\/g1.svg\",\"contentUrl\":\"https:\/\/sydalinna.edu.ee\/wp-content\/uploads\/2021\/12\/g1.svg\",\"width\":185,\"height\":45,\"caption\":\"Tallinna S\u00fcdalinna kool\"},\"image\":{\"@id\":\"https:\/\/sydalinna.edu.ee\/#\/schema\/logo\/image\/\"}},{\"@type\":\"Person\",\"@id\":\"https:\/\/sydalinna.edu.ee\/#\/schema\/person\/ace0bbb186cd946665450ec9c3c8fe9a\",\"name\":\"Anna-Kaisa Kollo\",\"image\":{\"@type\":\"ImageObject\",\"inLanguage\":\"en-US\",\"@id\":\"https:\/\/sydalinna.edu.ee\/#\/schema\/person\/image\/\",\"url\":\"https:\/\/secure.gravatar.com\/avatar\/871de64cdf505db75c9cba5f61f4098e5615f361e834001c91980de533ac7518?s=96&d=mm&r=g\",\"contentUrl\":\"https:\/\/secure.gravatar.com\/avatar\/871de64cdf505db75c9cba5f61f4098e5615f361e834001c91980de533ac7518?s=96&d=mm&r=g\",\"caption\":\"Anna-Kaisa Kollo\"},\"url\":\"https:\/\/sydalinna.edu.ee\/eng\/author\/kollo\/\"}]}<\/script>\n<!-- \/ Yoast SEO Premium plugin. -->","yoast_head_json":{"title":"T\u00e4nu abi eest keelel\u00e4hetuse l\u00e4biviimisel - Tallinna S\u00fcdalinna kool","robots":{"index":"index","follow":"follow","max-snippet":"max-snippet:-1","max-image-preview":"max-image-preview:large","max-video-preview":"max-video-preview:-1"},"canonical":"https:\/\/sydalinna.edu.ee\/eng\/tanu-abi-eest-keelelahetuse-labiviimisel\/","og_locale":"en_US","og_type":"article","og_title":"T\u00e4nu abi eest keelel\u00e4hetuse l\u00e4biviimisel","og_description":"Meie kooli \u00fcheks p\u00f5hiv\u00e4\u00e4rtuseks on avatus. Meie koolipere on viimase 9 aasta jooksul harjunud k\u00fclalistega. \u00dcha enam v\u00f5tame vastu pikemate praktikate sooritajaid. L\u00e4bi&nbsp;selle on t\u00f5usnud meie \u00f5petajate professionaalsus ja ka juhendamise oskused. Viimasel kahel \u00f5ppeaastal vastu v\u00f5tnud \u00fclemineku koolide \u00f5petajaid juba mituk\u00fcmmend nii Tallinnast kui ka Ida-Virumaalt. Keelep\u00e4\u00e4sukese projekti toel oli meie koolis sellel \u00f5ppeaastal...","og_url":"https:\/\/sydalinna.edu.ee\/eng\/tanu-abi-eest-keelelahetuse-labiviimisel\/","og_site_name":"Tallinna S\u00fcdalinna kool","article_published_time":"2025-06-13T12:15:51+00:00","article_modified_time":"2025-06-13T12:15:52+00:00","og_image":[{"width":1441,"height":1971,"url":"https:\/\/sydalinna.edu.ee\/wp-content\/uploads\/2025\/06\/506628067_1321666126165451_6217211115837772694_n.jpg","type":"image\/jpeg"}],"author":"Anna-Kaisa Kollo","twitter_card":"summary_large_image","twitter_misc":{"Written by":"Anna-Kaisa Kollo","Est. reading time":"3 minutes"},"schema":{"@context":"https:\/\/schema.org","@graph":[{"@type":"Article","@id":"https:\/\/sydalinna.edu.ee\/eng\/tanu-abi-eest-keelelahetuse-labiviimisel\/#article","isPartOf":{"@id":"https:\/\/sydalinna.edu.ee\/eng\/tanu-abi-eest-keelelahetuse-labiviimisel\/"},"author":{"name":"Anna-Kaisa Kollo","@id":"https:\/\/sydalinna.edu.ee\/#\/schema\/person\/ace0bbb186cd946665450ec9c3c8fe9a"},"headline":"T\u00e4nu abi eest keelel\u00e4hetuse l\u00e4biviimisel","datePublished":"2025-06-13T12:15:51+00:00","dateModified":"2025-06-13T12:15:52+00:00","mainEntityOfPage":{"@id":"https:\/\/sydalinna.edu.ee\/eng\/tanu-abi-eest-keelelahetuse-labiviimisel\/"},"wordCount":282,"commentCount":0,"publisher":{"@id":"https:\/\/sydalinna.edu.ee\/#organization"},"image":{"@id":"https:\/\/sydalinna.edu.ee\/eng\/tanu-abi-eest-keelelahetuse-labiviimisel\/#primaryimage"},"thumbnailUrl":"https:\/\/sydalinna.edu.ee\/wp-content\/uploads\/2025\/06\/506628067_1321666126165451_6217211115837772694_n.jpg","articleSection":["\u00dcldine"],"inLanguage":"en-US","potentialAction":[{"@type":"CommentAction","name":"Comment","target":["https:\/\/sydalinna.edu.ee\/eng\/tanu-abi-eest-keelelahetuse-labiviimisel\/#respond"]}]},{"@type":"WebPage","@id":"https:\/\/sydalinna.edu.ee\/eng\/tanu-abi-eest-keelelahetuse-labiviimisel\/","url":"https:\/\/sydalinna.edu.ee\/eng\/tanu-abi-eest-keelelahetuse-labiviimisel\/","name":"T\u00e4nu abi eest keelel\u00e4hetuse l\u00e4biviimisel - Tallinna S\u00fcdalinna kool","isPartOf":{"@id":"https:\/\/sydalinna.edu.ee\/#website"},"primaryImageOfPage":{"@id":"https:\/\/sydalinna.edu.ee\/eng\/tanu-abi-eest-keelelahetuse-labiviimisel\/#primaryimage"},"image":{"@id":"https:\/\/sydalinna.edu.ee\/eng\/tanu-abi-eest-keelelahetuse-labiviimisel\/#primaryimage"},"thumbnailUrl":"https:\/\/sydalinna.edu.ee\/wp-content\/uploads\/2025\/06\/506628067_1321666126165451_6217211115837772694_n.jpg","datePublished":"2025-06-13T12:15:51+00:00","dateModified":"2025-06-13T12:15:52+00:00","breadcrumb":{"@id":"https:\/\/sydalinna.edu.ee\/eng\/tanu-abi-eest-keelelahetuse-labiviimisel\/#breadcrumb"},"inLanguage":"en-US","potentialAction":[{"@type":"ReadAction","target":["https:\/\/sydalinna.edu.ee\/eng\/tanu-abi-eest-keelelahetuse-labiviimisel\/"]}]},{"@type":"ImageObject","inLanguage":"en-US","@id":"https:\/\/sydalinna.edu.ee\/eng\/tanu-abi-eest-keelelahetuse-labiviimisel\/#primaryimage","url":"https:\/\/sydalinna.edu.ee\/wp-content\/uploads\/2025\/06\/506628067_1321666126165451_6217211115837772694_n.jpg","contentUrl":"https:\/\/sydalinna.edu.ee\/wp-content\/uploads\/2025\/06\/506628067_1321666126165451_6217211115837772694_n.jpg","width":1441,"height":1971},{"@type":"BreadcrumbList","@id":"https:\/\/sydalinna.edu.ee\/eng\/tanu-abi-eest-keelelahetuse-labiviimisel\/#breadcrumb","itemListElement":[{"@type":"ListItem","position":1,"name":"Avaleht","item":"https:\/\/sydalinna.edu.ee\/"},{"@type":"ListItem","position":2,"name":"T\u00e4nu abi eest keelel\u00e4hetuse l\u00e4biviimisel"}]},{"@type":"WebSite","@id":"https:\/\/sydalinna.edu.ee\/#website","url":"https:\/\/sydalinna.edu.ee\/","name":"Tallinna S\u00fcdalinna kool","description":"Kodune kool kesklinna s\u00fcdames.","publisher":{"@id":"https:\/\/sydalinna.edu.ee\/#organization"},"potentialAction":[{"@type":"SearchAction","target":{"@type":"EntryPoint","urlTemplate":"https:\/\/sydalinna.edu.ee\/?s={search_term_string}"},"query-input":{"@type":"PropertyValueSpecification","valueRequired":true,"valueName":"search_term_string"}}],"inLanguage":"en-US"},{"@type":"Organization","@id":"https:\/\/sydalinna.edu.ee\/#organization","name":"Tallinna S\u00fcdalinna kool","url":"https:\/\/sydalinna.edu.ee\/","logo":{"@type":"ImageObject","inLanguage":"en-US","@id":"https:\/\/sydalinna.edu.ee\/#\/schema\/logo\/image\/","url":"https:\/\/sydalinna.edu.ee\/wp-content\/uploads\/2021\/12\/g1.svg","contentUrl":"https:\/\/sydalinna.edu.ee\/wp-content\/uploads\/2021\/12\/g1.svg","width":185,"height":45,"caption":"Tallinna S\u00fcdalinna kool"},"image":{"@id":"https:\/\/sydalinna.edu.ee\/#\/schema\/logo\/image\/"}},{"@type":"Person","@id":"https:\/\/sydalinna.edu.ee\/#\/schema\/person\/ace0bbb186cd946665450ec9c3c8fe9a","name":"Anna-Kaisa Kollo","image":{"@type":"ImageObject","inLanguage":"en-US","@id":"https:\/\/sydalinna.edu.ee\/#\/schema\/person\/image\/","url":"https:\/\/secure.gravatar.com\/avatar\/871de64cdf505db75c9cba5f61f4098e5615f361e834001c91980de533ac7518?s=96&d=mm&r=g","contentUrl":"https:\/\/secure.gravatar.com\/avatar\/871de64cdf505db75c9cba5f61f4098e5615f361e834001c91980de533ac7518?s=96&d=mm&r=g","caption":"Anna-Kaisa Kollo"},"url":"https:\/\/sydalinna.edu.ee\/eng\/author\/kollo\/"}]}},"_links":{"self":[{"href":"https:\/\/sydalinna.edu.ee\/eng\/wp-json\/wp\/v2\/posts\/8259","targetHints":{"allow":["GET"]}}],"collection":[{"href":"https:\/\/sydalinna.edu.ee\/eng\/wp-json\/wp\/v2\/posts"}],"about":[{"href":"https:\/\/sydalinna.edu.ee\/eng\/wp-json\/wp\/v2\/types\/post"}],"author":[{"embeddable":true,"href":"https:\/\/sydalinna.edu.ee\/eng\/wp-json\/wp\/v2\/users\/10"}],"replies":[{"embeddable":true,"href":"https:\/\/sydalinna.edu.ee\/eng\/wp-json\/wp\/v2\/comments?post=8259"}],"version-history":[{"count":1,"href":"https:\/\/sydalinna.edu.ee\/eng\/wp-json\/wp\/v2\/posts\/8259\/revisions"}],"predecessor-version":[{"id":8260,"href":"https:\/\/sydalinna.edu.ee\/eng\/wp-json\/wp\/v2\/posts\/8259\/revisions\/8260"}],"wp:featuredmedia":[{"embeddable":true,"href":"https:\/\/sydalinna.edu.ee\/eng\/wp-json\/wp\/v2\/media\/8258"}],"wp:attachment":[{"href":"https:\/\/sydalinna.edu.ee\/eng\/wp-json\/wp\/v2\/media?parent=8259"}],"wp:term":[{"taxonomy":"category","embeddable":true,"href":"https:\/\/sydalinna.edu.ee\/eng\/wp-json\/wp\/v2\/categories?post=8259"},{"taxonomy":"post_tag","embeddable":true,"href":"https:\/\/sydalinna.edu.ee\/eng\/wp-json\/wp\/v2\/tags?post=8259"}],"curies":[{"name":"wp","href":"https:\/\/api.w.org\/{rel}","templated":true}]}}