{"id":8242,"date":"2025-05-26T08:06:19","date_gmt":"2025-05-26T08:06:19","guid":{"rendered":"https:\/\/sydalinna-edu-ee.vserver.zonevs.eu\/?p=8242"},"modified":"2025-05-26T08:06:20","modified_gmt":"2025-05-26T08:06:20","slug":"tublid-tulemused-viktoriinilt-ja-ajaloovoistluselt","status":"publish","type":"post","link":"https:\/\/sydalinna.edu.ee\/eng\/tublid-tulemused-viktoriinilt-ja-ajaloovoistluselt\/","title":{"rendered":"Tublid tulemused viktoriinilt ja ajaloov\u00f5istluselt"},"content":{"rendered":"<p><strong>7. oktoobrist 2024 kuni 16. aprillini 2025 toimus Tartu \u00dclikooli teaduskooli veebip\u00f5hine \u00fcleriigiline ajaloov\u00f5istlus \u201cMammut\u201c.<\/strong><\/p>\n\n\n\n<p>L\u00f5ppenud v\u00f5istlusega t\u00e4histati Eesti NATOsse ja Euroopa Liitu vastuv\u00f5tmise 20. aastap\u00e4eva.<\/p>\n\n\n\n<p>V\u00f5istlus toimus kolmes voorus. Kokku v\u00f5ttis v\u00f5istlusest osa 9045 osalejat. 6. klassi arvestuses oli 1721 osalejat.<\/p>\n\n\n\n<p>Meie koolist osales sellel \u00f5ppeaastal 202 \u00f5pilast.<\/p>\n\n\n\n<p>Parimatele v\u00f5istlejatele omistati j\u00e4rgud (II j\u00e4rk 50 parima seas; III j\u00e4rk 85 parima seas).<\/p>\n\n\n\n<p>Meie kooli parimad, kes eraldi \u00e4ra m\u00e4rgiti:<\/p>\n\n\n\n<p>\u25cf II j\u00e4rgu diplomi (81\u201390% kolme vooru punktidest) sai Stig September (6.B klass).<\/p>\n\n\n\n<p>\u25cf III j\u00e4rgu diplomi (71\u201380% kolme vooru punktidest) said Mehmet Kaan (5.B klass), Kritika (6.B klass), Kaur Marksoo (6.B klass) ja Elli Sofia (6.A klass).<\/p>\n\n\n\n<p>\u00d5nnitleme edukaid \u00f5pilasi ja nende juhendajat (\u00f5petaja Heli Hirs)!<\/p>\n\n\n\n<p><\/p>\n\n\n\n<p>______________________________________________________________________________________________________________________________________<\/p>\n\n\n\n<p><\/p>\n\n\n\n<p><strong>Kolmap\u00e4eval, 22. mail toimus Junior Achievement Eesti ja Eesti Majandus- ja Ettev\u00f5tlus\u00f5petajate Seltsi poolt korraldatud rahatarkuse viktoriin \u201eOlen rahatark!\u201c 4. \u2013 6.\u00a0klassi \u00f5pilastele.<\/strong><\/p>\n\n\n\n<p>Viktoriinil osales kokku 1720 \u00f5pilast 22 koolist.<\/p>\n\n\n\n<p>Viktoriinis oli kokku 29 k\u00fcsimust, mille eest oli v\u00f5imalik saada maksimaalselt 46 punkti.<\/p>\n\n\n\n<p>Meie kooli \u00f5pilased Stig September (6.B) ja ja Yousef (5.B) said 44 punkti ning sellega kuulusid 11 parima tulemuse saavutanud \u00f5pilase hulka kogu vabariigis.<\/p>\n\n\n\n<p>Meie koolis said 20 parima hulka veel Eric (6.A) ja Anzelika (6.B) ning 200 parima hulgas oli veel 27 S\u00fcdalinna Kooli \u00f5pilast.<\/p>\n\n\n\n<p>\u00d5nnitleme \u00f5pilasi ja juhendajaid (eelk\u00f5ige \u00f5petaja Heli Hirsi, kes v\u00f5istlust meie koolis koordineerib ja suurt osa \u00f5pilastest ka juhendab).<\/p>","protected":false},"excerpt":{"rendered":"<p>7. oktoobrist 2024 kuni 16. aprillini 2025 toimus Tartu \u00dclikooli teaduskooli veebip\u00f5hine \u00fcleriigiline ajaloov\u00f5istlus \u201cMammut\u201c. L\u00f5ppenud v\u00f5istlusega t\u00e4histati Eesti NATOsse ja Euroopa Liitu vastuv\u00f5tmise 20. aastap\u00e4eva. V\u00f5istlus toimus kolmes voorus. Kokku v\u00f5ttis v\u00f5istlusest osa 9045 osalejat. 6. klassi arvestuses oli 1721 osalejat. Meie koolist osales sellel \u00f5ppeaastal 202 \u00f5pilast. Parimatele v\u00f5istlejatele omistati j\u00e4rgud (II j\u00e4rk&#8230;<\/p>","protected":false},"author":10,"featured_media":4403,"comment_status":"open","ping_status":"open","sticky":false,"template":"","format":"standard","meta":{"_kad_post_transparent":"","_kad_post_title":"","_kad_post_layout":"","_kad_post_sidebar_id":"","_kad_post_content_style":"","_kad_post_vertical_padding":"","_kad_post_feature":"","_kad_post_feature_position":"","_kad_post_header":false,"_kad_post_footer":false,"_kad_post_classname":"","footnotes":""},"categories":[1],"tags":[],"class_list":["post-8242","post","type-post","status-publish","format-standard","has-post-thumbnail","hentry","category-uldine"],"yoast_head":"<!-- This site is optimized with the Yoast SEO Premium plugin v20.11 (Yoast SEO v26.6) - https:\/\/yoast.com\/wordpress\/plugins\/seo\/ -->\n<title>Tublid tulemused viktoriinilt ja ajaloov\u00f5istluselt - Tallinna S\u00fcdalinna kool<\/title>\n<meta name=\"robots\" content=\"index, follow, max-snippet:-1, max-image-preview:large, max-video-preview:-1\" \/>\n<link rel=\"canonical\" href=\"https:\/\/sydalinna.edu.ee\/eng\/tublid-tulemused-viktoriinilt-ja-ajaloovoistluselt\/\" \/>\n<meta property=\"og:locale\" content=\"en_US\" \/>\n<meta property=\"og:type\" content=\"article\" \/>\n<meta property=\"og:title\" content=\"Tublid tulemused viktoriinilt ja ajaloov\u00f5istluselt\" \/>\n<meta property=\"og:description\" content=\"7. oktoobrist 2024 kuni 16. aprillini 2025 toimus Tartu \u00dclikooli teaduskooli veebip\u00f5hine \u00fcleriigiline ajaloov\u00f5istlus \u201cMammut\u201c. L\u00f5ppenud v\u00f5istlusega t\u00e4histati Eesti NATOsse ja Euroopa Liitu vastuv\u00f5tmise 20. aastap\u00e4eva. V\u00f5istlus toimus kolmes voorus. Kokku v\u00f5ttis v\u00f5istlusest osa 9045 osalejat. 6. klassi arvestuses oli 1721 osalejat. Meie koolist osales sellel \u00f5ppeaastal 202 \u00f5pilast. Parimatele v\u00f5istlejatele omistati j\u00e4rgud (II j\u00e4rk...\" \/>\n<meta property=\"og:url\" content=\"https:\/\/sydalinna.edu.ee\/eng\/tublid-tulemused-viktoriinilt-ja-ajaloovoistluselt\/\" \/>\n<meta property=\"og:site_name\" content=\"Tallinna S\u00fcdalinna kool\" \/>\n<meta property=\"article:published_time\" content=\"2025-05-26T08:06:19+00:00\" \/>\n<meta property=\"article:modified_time\" content=\"2025-05-26T08:06:20+00:00\" \/>\n<meta property=\"og:image\" content=\"https:\/\/sydalinna.edu.ee\/wp-content\/uploads\/2022\/04\/logo-ruut.png\" \/>\n\t<meta property=\"og:image:width\" content=\"556\" \/>\n\t<meta property=\"og:image:height\" content=\"573\" \/>\n\t<meta property=\"og:image:type\" content=\"image\/png\" \/>\n<meta name=\"author\" content=\"Anna-Kaisa Kollo\" \/>\n<meta name=\"twitter:card\" content=\"summary_large_image\" \/>\n<meta name=\"twitter:label1\" content=\"Written by\" \/>\n\t<meta name=\"twitter:data1\" content=\"Anna-Kaisa Kollo\" \/>\n\t<meta name=\"twitter:label2\" content=\"Est. reading time\" \/>\n\t<meta name=\"twitter:data2\" content=\"2 minutes\" \/>\n<script type=\"application\/ld+json\" class=\"yoast-schema-graph\">{\"@context\":\"https:\/\/schema.org\",\"@graph\":[{\"@type\":\"Article\",\"@id\":\"https:\/\/sydalinna.edu.ee\/eng\/tublid-tulemused-viktoriinilt-ja-ajaloovoistluselt\/#article\",\"isPartOf\":{\"@id\":\"https:\/\/sydalinna.edu.ee\/eng\/tublid-tulemused-viktoriinilt-ja-ajaloovoistluselt\/\"},\"author\":{\"name\":\"Anna-Kaisa Kollo\",\"@id\":\"https:\/\/sydalinna.edu.ee\/#\/schema\/person\/ace0bbb186cd946665450ec9c3c8fe9a\"},\"headline\":\"Tublid tulemused viktoriinilt ja ajaloov\u00f5istluselt\",\"datePublished\":\"2025-05-26T08:06:19+00:00\",\"dateModified\":\"2025-05-26T08:06:20+00:00\",\"mainEntityOfPage\":{\"@id\":\"https:\/\/sydalinna.edu.ee\/eng\/tublid-tulemused-viktoriinilt-ja-ajaloovoistluselt\/\"},\"wordCount\":229,\"commentCount\":0,\"publisher\":{\"@id\":\"https:\/\/sydalinna.edu.ee\/#organization\"},\"image\":{\"@id\":\"https:\/\/sydalinna.edu.ee\/eng\/tublid-tulemused-viktoriinilt-ja-ajaloovoistluselt\/#primaryimage\"},\"thumbnailUrl\":\"https:\/\/sydalinna.edu.ee\/wp-content\/uploads\/2022\/04\/logo-ruut.png\",\"articleSection\":[\"\u00dcldine\"],\"inLanguage\":\"en-US\",\"potentialAction\":[{\"@type\":\"CommentAction\",\"name\":\"Comment\",\"target\":[\"https:\/\/sydalinna.edu.ee\/eng\/tublid-tulemused-viktoriinilt-ja-ajaloovoistluselt\/#respond\"]}]},{\"@type\":\"WebPage\",\"@id\":\"https:\/\/sydalinna.edu.ee\/eng\/tublid-tulemused-viktoriinilt-ja-ajaloovoistluselt\/\",\"url\":\"https:\/\/sydalinna.edu.ee\/eng\/tublid-tulemused-viktoriinilt-ja-ajaloovoistluselt\/\",\"name\":\"Tublid tulemused viktoriinilt ja ajaloov\u00f5istluselt - Tallinna S\u00fcdalinna kool\",\"isPartOf\":{\"@id\":\"https:\/\/sydalinna.edu.ee\/#website\"},\"primaryImageOfPage\":{\"@id\":\"https:\/\/sydalinna.edu.ee\/eng\/tublid-tulemused-viktoriinilt-ja-ajaloovoistluselt\/#primaryimage\"},\"image\":{\"@id\":\"https:\/\/sydalinna.edu.ee\/eng\/tublid-tulemused-viktoriinilt-ja-ajaloovoistluselt\/#primaryimage\"},\"thumbnailUrl\":\"https:\/\/sydalinna.edu.ee\/wp-content\/uploads\/2022\/04\/logo-ruut.png\",\"datePublished\":\"2025-05-26T08:06:19+00:00\",\"dateModified\":\"2025-05-26T08:06:20+00:00\",\"breadcrumb\":{\"@id\":\"https:\/\/sydalinna.edu.ee\/eng\/tublid-tulemused-viktoriinilt-ja-ajaloovoistluselt\/#breadcrumb\"},\"inLanguage\":\"en-US\",\"potentialAction\":[{\"@type\":\"ReadAction\",\"target\":[\"https:\/\/sydalinna.edu.ee\/eng\/tublid-tulemused-viktoriinilt-ja-ajaloovoistluselt\/\"]}]},{\"@type\":\"ImageObject\",\"inLanguage\":\"en-US\",\"@id\":\"https:\/\/sydalinna.edu.ee\/eng\/tublid-tulemused-viktoriinilt-ja-ajaloovoistluselt\/#primaryimage\",\"url\":\"https:\/\/sydalinna.edu.ee\/wp-content\/uploads\/2022\/04\/logo-ruut.png\",\"contentUrl\":\"https:\/\/sydalinna.edu.ee\/wp-content\/uploads\/2022\/04\/logo-ruut.png\",\"width\":556,\"height\":573},{\"@type\":\"BreadcrumbList\",\"@id\":\"https:\/\/sydalinna.edu.ee\/eng\/tublid-tulemused-viktoriinilt-ja-ajaloovoistluselt\/#breadcrumb\",\"itemListElement\":[{\"@type\":\"ListItem\",\"position\":1,\"name\":\"Avaleht\",\"item\":\"https:\/\/sydalinna.edu.ee\/\"},{\"@type\":\"ListItem\",\"position\":2,\"name\":\"Tublid tulemused viktoriinilt ja ajaloov\u00f5istluselt\"}]},{\"@type\":\"WebSite\",\"@id\":\"https:\/\/sydalinna.edu.ee\/#website\",\"url\":\"https:\/\/sydalinna.edu.ee\/\",\"name\":\"Tallinna S\u00fcdalinna kool\",\"description\":\"Kodune kool kesklinna s\u00fcdames.\",\"publisher\":{\"@id\":\"https:\/\/sydalinna.edu.ee\/#organization\"},\"potentialAction\":[{\"@type\":\"SearchAction\",\"target\":{\"@type\":\"EntryPoint\",\"urlTemplate\":\"https:\/\/sydalinna.edu.ee\/?s={search_term_string}\"},\"query-input\":{\"@type\":\"PropertyValueSpecification\",\"valueRequired\":true,\"valueName\":\"search_term_string\"}}],\"inLanguage\":\"en-US\"},{\"@type\":\"Organization\",\"@id\":\"https:\/\/sydalinna.edu.ee\/#organization\",\"name\":\"Tallinna S\u00fcdalinna kool\",\"url\":\"https:\/\/sydalinna.edu.ee\/\",\"logo\":{\"@type\":\"ImageObject\",\"inLanguage\":\"en-US\",\"@id\":\"https:\/\/sydalinna.edu.ee\/#\/schema\/logo\/image\/\",\"url\":\"https:\/\/sydalinna.edu.ee\/wp-content\/uploads\/2021\/12\/g1.svg\",\"contentUrl\":\"https:\/\/sydalinna.edu.ee\/wp-content\/uploads\/2021\/12\/g1.svg\",\"width\":185,\"height\":45,\"caption\":\"Tallinna S\u00fcdalinna kool\"},\"image\":{\"@id\":\"https:\/\/sydalinna.edu.ee\/#\/schema\/logo\/image\/\"}},{\"@type\":\"Person\",\"@id\":\"https:\/\/sydalinna.edu.ee\/#\/schema\/person\/ace0bbb186cd946665450ec9c3c8fe9a\",\"name\":\"Anna-Kaisa Kollo\",\"image\":{\"@type\":\"ImageObject\",\"inLanguage\":\"en-US\",\"@id\":\"https:\/\/sydalinna.edu.ee\/#\/schema\/person\/image\/\",\"url\":\"https:\/\/secure.gravatar.com\/avatar\/871de64cdf505db75c9cba5f61f4098e5615f361e834001c91980de533ac7518?s=96&d=mm&r=g\",\"contentUrl\":\"https:\/\/secure.gravatar.com\/avatar\/871de64cdf505db75c9cba5f61f4098e5615f361e834001c91980de533ac7518?s=96&d=mm&r=g\",\"caption\":\"Anna-Kaisa Kollo\"},\"url\":\"https:\/\/sydalinna.edu.ee\/eng\/author\/kollo\/\"}]}<\/script>\n<!-- \/ Yoast SEO Premium plugin. -->","yoast_head_json":{"title":"Tublid tulemused viktoriinilt ja ajaloov\u00f5istluselt - Tallinna S\u00fcdalinna kool","robots":{"index":"index","follow":"follow","max-snippet":"max-snippet:-1","max-image-preview":"max-image-preview:large","max-video-preview":"max-video-preview:-1"},"canonical":"https:\/\/sydalinna.edu.ee\/eng\/tublid-tulemused-viktoriinilt-ja-ajaloovoistluselt\/","og_locale":"en_US","og_type":"article","og_title":"Tublid tulemused viktoriinilt ja ajaloov\u00f5istluselt","og_description":"7. oktoobrist 2024 kuni 16. aprillini 2025 toimus Tartu \u00dclikooli teaduskooli veebip\u00f5hine \u00fcleriigiline ajaloov\u00f5istlus \u201cMammut\u201c. L\u00f5ppenud v\u00f5istlusega t\u00e4histati Eesti NATOsse ja Euroopa Liitu vastuv\u00f5tmise 20. aastap\u00e4eva. V\u00f5istlus toimus kolmes voorus. Kokku v\u00f5ttis v\u00f5istlusest osa 9045 osalejat. 6. klassi arvestuses oli 1721 osalejat. Meie koolist osales sellel \u00f5ppeaastal 202 \u00f5pilast. Parimatele v\u00f5istlejatele omistati j\u00e4rgud (II j\u00e4rk...","og_url":"https:\/\/sydalinna.edu.ee\/eng\/tublid-tulemused-viktoriinilt-ja-ajaloovoistluselt\/","og_site_name":"Tallinna S\u00fcdalinna kool","article_published_time":"2025-05-26T08:06:19+00:00","article_modified_time":"2025-05-26T08:06:20+00:00","og_image":[{"width":556,"height":573,"url":"https:\/\/sydalinna.edu.ee\/wp-content\/uploads\/2022\/04\/logo-ruut.png","type":"image\/png"}],"author":"Anna-Kaisa Kollo","twitter_card":"summary_large_image","twitter_misc":{"Written by":"Anna-Kaisa Kollo","Est. reading time":"2 minutes"},"schema":{"@context":"https:\/\/schema.org","@graph":[{"@type":"Article","@id":"https:\/\/sydalinna.edu.ee\/eng\/tublid-tulemused-viktoriinilt-ja-ajaloovoistluselt\/#article","isPartOf":{"@id":"https:\/\/sydalinna.edu.ee\/eng\/tublid-tulemused-viktoriinilt-ja-ajaloovoistluselt\/"},"author":{"name":"Anna-Kaisa Kollo","@id":"https:\/\/sydalinna.edu.ee\/#\/schema\/person\/ace0bbb186cd946665450ec9c3c8fe9a"},"headline":"Tublid tulemused viktoriinilt ja ajaloov\u00f5istluselt","datePublished":"2025-05-26T08:06:19+00:00","dateModified":"2025-05-26T08:06:20+00:00","mainEntityOfPage":{"@id":"https:\/\/sydalinna.edu.ee\/eng\/tublid-tulemused-viktoriinilt-ja-ajaloovoistluselt\/"},"wordCount":229,"commentCount":0,"publisher":{"@id":"https:\/\/sydalinna.edu.ee\/#organization"},"image":{"@id":"https:\/\/sydalinna.edu.ee\/eng\/tublid-tulemused-viktoriinilt-ja-ajaloovoistluselt\/#primaryimage"},"thumbnailUrl":"https:\/\/sydalinna.edu.ee\/wp-content\/uploads\/2022\/04\/logo-ruut.png","articleSection":["\u00dcldine"],"inLanguage":"en-US","potentialAction":[{"@type":"CommentAction","name":"Comment","target":["https:\/\/sydalinna.edu.ee\/eng\/tublid-tulemused-viktoriinilt-ja-ajaloovoistluselt\/#respond"]}]},{"@type":"WebPage","@id":"https:\/\/sydalinna.edu.ee\/eng\/tublid-tulemused-viktoriinilt-ja-ajaloovoistluselt\/","url":"https:\/\/sydalinna.edu.ee\/eng\/tublid-tulemused-viktoriinilt-ja-ajaloovoistluselt\/","name":"Tublid tulemused viktoriinilt ja ajaloov\u00f5istluselt - Tallinna S\u00fcdalinna kool","isPartOf":{"@id":"https:\/\/sydalinna.edu.ee\/#website"},"primaryImageOfPage":{"@id":"https:\/\/sydalinna.edu.ee\/eng\/tublid-tulemused-viktoriinilt-ja-ajaloovoistluselt\/#primaryimage"},"image":{"@id":"https:\/\/sydalinna.edu.ee\/eng\/tublid-tulemused-viktoriinilt-ja-ajaloovoistluselt\/#primaryimage"},"thumbnailUrl":"https:\/\/sydalinna.edu.ee\/wp-content\/uploads\/2022\/04\/logo-ruut.png","datePublished":"2025-05-26T08:06:19+00:00","dateModified":"2025-05-26T08:06:20+00:00","breadcrumb":{"@id":"https:\/\/sydalinna.edu.ee\/eng\/tublid-tulemused-viktoriinilt-ja-ajaloovoistluselt\/#breadcrumb"},"inLanguage":"en-US","potentialAction":[{"@type":"ReadAction","target":["https:\/\/sydalinna.edu.ee\/eng\/tublid-tulemused-viktoriinilt-ja-ajaloovoistluselt\/"]}]},{"@type":"ImageObject","inLanguage":"en-US","@id":"https:\/\/sydalinna.edu.ee\/eng\/tublid-tulemused-viktoriinilt-ja-ajaloovoistluselt\/#primaryimage","url":"https:\/\/sydalinna.edu.ee\/wp-content\/uploads\/2022\/04\/logo-ruut.png","contentUrl":"https:\/\/sydalinna.edu.ee\/wp-content\/uploads\/2022\/04\/logo-ruut.png","width":556,"height":573},{"@type":"BreadcrumbList","@id":"https:\/\/sydalinna.edu.ee\/eng\/tublid-tulemused-viktoriinilt-ja-ajaloovoistluselt\/#breadcrumb","itemListElement":[{"@type":"ListItem","position":1,"name":"Avaleht","item":"https:\/\/sydalinna.edu.ee\/"},{"@type":"ListItem","position":2,"name":"Tublid tulemused viktoriinilt ja ajaloov\u00f5istluselt"}]},{"@type":"WebSite","@id":"https:\/\/sydalinna.edu.ee\/#website","url":"https:\/\/sydalinna.edu.ee\/","name":"Tallinna S\u00fcdalinna kool","description":"Kodune kool kesklinna s\u00fcdames.","publisher":{"@id":"https:\/\/sydalinna.edu.ee\/#organization"},"potentialAction":[{"@type":"SearchAction","target":{"@type":"EntryPoint","urlTemplate":"https:\/\/sydalinna.edu.ee\/?s={search_term_string}"},"query-input":{"@type":"PropertyValueSpecification","valueRequired":true,"valueName":"search_term_string"}}],"inLanguage":"en-US"},{"@type":"Organization","@id":"https:\/\/sydalinna.edu.ee\/#organization","name":"Tallinna S\u00fcdalinna kool","url":"https:\/\/sydalinna.edu.ee\/","logo":{"@type":"ImageObject","inLanguage":"en-US","@id":"https:\/\/sydalinna.edu.ee\/#\/schema\/logo\/image\/","url":"https:\/\/sydalinna.edu.ee\/wp-content\/uploads\/2021\/12\/g1.svg","contentUrl":"https:\/\/sydalinna.edu.ee\/wp-content\/uploads\/2021\/12\/g1.svg","width":185,"height":45,"caption":"Tallinna S\u00fcdalinna kool"},"image":{"@id":"https:\/\/sydalinna.edu.ee\/#\/schema\/logo\/image\/"}},{"@type":"Person","@id":"https:\/\/sydalinna.edu.ee\/#\/schema\/person\/ace0bbb186cd946665450ec9c3c8fe9a","name":"Anna-Kaisa Kollo","image":{"@type":"ImageObject","inLanguage":"en-US","@id":"https:\/\/sydalinna.edu.ee\/#\/schema\/person\/image\/","url":"https:\/\/secure.gravatar.com\/avatar\/871de64cdf505db75c9cba5f61f4098e5615f361e834001c91980de533ac7518?s=96&d=mm&r=g","contentUrl":"https:\/\/secure.gravatar.com\/avatar\/871de64cdf505db75c9cba5f61f4098e5615f361e834001c91980de533ac7518?s=96&d=mm&r=g","caption":"Anna-Kaisa Kollo"},"url":"https:\/\/sydalinna.edu.ee\/eng\/author\/kollo\/"}]}},"_links":{"self":[{"href":"https:\/\/sydalinna.edu.ee\/eng\/wp-json\/wp\/v2\/posts\/8242","targetHints":{"allow":["GET"]}}],"collection":[{"href":"https:\/\/sydalinna.edu.ee\/eng\/wp-json\/wp\/v2\/posts"}],"about":[{"href":"https:\/\/sydalinna.edu.ee\/eng\/wp-json\/wp\/v2\/types\/post"}],"author":[{"embeddable":true,"href":"https:\/\/sydalinna.edu.ee\/eng\/wp-json\/wp\/v2\/users\/10"}],"replies":[{"embeddable":true,"href":"https:\/\/sydalinna.edu.ee\/eng\/wp-json\/wp\/v2\/comments?post=8242"}],"version-history":[{"count":1,"href":"https:\/\/sydalinna.edu.ee\/eng\/wp-json\/wp\/v2\/posts\/8242\/revisions"}],"predecessor-version":[{"id":8243,"href":"https:\/\/sydalinna.edu.ee\/eng\/wp-json\/wp\/v2\/posts\/8242\/revisions\/8243"}],"wp:featuredmedia":[{"embeddable":true,"href":"https:\/\/sydalinna.edu.ee\/eng\/wp-json\/wp\/v2\/media\/4403"}],"wp:attachment":[{"href":"https:\/\/sydalinna.edu.ee\/eng\/wp-json\/wp\/v2\/media?parent=8242"}],"wp:term":[{"taxonomy":"category","embeddable":true,"href":"https:\/\/sydalinna.edu.ee\/eng\/wp-json\/wp\/v2\/categories?post=8242"},{"taxonomy":"post_tag","embeddable":true,"href":"https:\/\/sydalinna.edu.ee\/eng\/wp-json\/wp\/v2\/tags?post=8242"}],"curies":[{"name":"wp","href":"https:\/\/api.w.org\/{rel}","templated":true}]}}