{"id":7649,"date":"2024-09-03T07:53:09","date_gmt":"2024-09-03T07:53:09","guid":{"rendered":"https:\/\/sydalinna-edu-ee.vserver.zonevs.eu\/?p=7649"},"modified":"2024-09-03T07:53:10","modified_gmt":"2024-09-03T07:53:10","slug":"maaliringi-opilaste-naitus","status":"publish","type":"post","link":"https:\/\/sydalinna.edu.ee\/eng\/maaliringi-opilaste-naitus\/","title":{"rendered":"Maaliringi \u00f5pilaste n\u00e4itus"},"content":{"rendered":"<p>Vanalinna Kullo Galeriis, Kuninga 6, Tallinn, on 2.-27. septembrini 2024 avatud meie kooli maaliringi \u00f5pilaste n\u00e4itus &#8220;Irvik Kass&#8221;, kes on tegelane\u00a0Lewis Carrolli raamatust &#8220;Alice Imedemaal&#8221;. T\u00f6\u00f6d on\u00a0valminud kunsti- ja inglise keele l\u00f5imumisprojekti k\u00e4igus.\u00a0<\/p>\n\n\n\n<p><strong>N\u00e4itus on avatud E-R 10.00-18.00. Meie kooli \u00f5pilased saavad n\u00e4itust k\u00fclastada tasuta.<\/strong><\/p>\n\n\n\n<p><em>Tallinna S\u00fcdalinna Kooli \u00f5pilaste \u00f5limaali ring on tegutsenud juba viis aastat. Ringi juhendab Malle Koppel. Kullo galeriis toimus nende esimene n\u00e4itus novembris 2020. N\u00e4itused on toimunud veel Kodulinna majas, Haridusametis ja Riia s\u00f5pruskoolis. \u00d5pilaste t\u00f6\u00f6d on saanud mitmeid auhindu ka rahvusvahelistel n\u00e4itustel.\u00a0<\/em><\/p>\n\n\n\n<div class=\"wp-block-group is-vertical is-layout-flex wp-container-core-group-is-layout-8cf370e7 wp-block-group-is-layout-flex\">\n<p><em>Ringis osaleb 40-45 \u00f5pilast 1.-9. klassini.\u00a0<\/em><\/p>\n\n\n\n<p><em>Aasta jooksul valminud maalidest antakse igal aastal v\u00e4lja kunstikalender.\u00a0<\/em><\/p>\n\n\n\n<p><em>Sellel aastal on kalendri teemaks &#8220;Van Goghile m\u00f5eldes&#8221;.\u00a0<\/em><\/p>\n<\/div>","protected":false},"excerpt":{"rendered":"<p>Vanalinna Kullo Galeriis, Kuninga 6, Tallinn, on 2.-27. septembrini 2024 avatud meie kooli maaliringi \u00f5pilaste n\u00e4itus &#8220;Irvik Kass&#8221;, kes on tegelane\u00a0Lewis Carrolli raamatust &#8220;Alice Imedemaal&#8221;. T\u00f6\u00f6d on\u00a0valminud kunsti- ja inglise keele l\u00f5imumisprojekti k\u00e4igus.\u00a0 N\u00e4itus on avatud E-R 10.00-18.00. Meie kooli \u00f5pilased saavad n\u00e4itust k\u00fclastada tasuta. Tallinna S\u00fcdalinna Kooli \u00f5pilaste \u00f5limaali ring on tegutsenud juba viis&#8230;<\/p>","protected":false},"author":10,"featured_media":7648,"comment_status":"open","ping_status":"open","sticky":false,"template":"","format":"standard","meta":{"_kad_post_transparent":"","_kad_post_title":"","_kad_post_layout":"","_kad_post_sidebar_id":"","_kad_post_content_style":"","_kad_post_vertical_padding":"","_kad_post_feature":"","_kad_post_feature_position":"","_kad_post_header":false,"_kad_post_footer":false,"_kad_post_classname":"","footnotes":""},"categories":[2],"tags":[],"class_list":["post-7649","post","type-post","status-publish","format-standard","has-post-thumbnail","hentry","category-uudised"],"yoast_head":"<!-- This site is optimized with the Yoast SEO Premium plugin v20.11 (Yoast SEO v26.6) - https:\/\/yoast.com\/wordpress\/plugins\/seo\/ -->\n<title>Maaliringi \u00f5pilaste n\u00e4itus - Tallinna S\u00fcdalinna kool<\/title>\n<meta name=\"robots\" content=\"index, follow, max-snippet:-1, max-image-preview:large, max-video-preview:-1\" \/>\n<link rel=\"canonical\" href=\"https:\/\/sydalinna.edu.ee\/eng\/maaliringi-opilaste-naitus\/\" \/>\n<meta property=\"og:locale\" content=\"en_US\" \/>\n<meta property=\"og:type\" content=\"article\" \/>\n<meta property=\"og:title\" content=\"Maaliringi \u00f5pilaste n\u00e4itus\" \/>\n<meta property=\"og:description\" content=\"Vanalinna Kullo Galeriis, Kuninga 6, Tallinn, on 2.-27. septembrini 2024 avatud meie kooli maaliringi \u00f5pilaste n\u00e4itus &#8220;Irvik Kass&#8221;, kes on tegelane\u00a0Lewis Carrolli raamatust &#8220;Alice Imedemaal&#8221;. T\u00f6\u00f6d on\u00a0valminud kunsti- ja inglise keele l\u00f5imumisprojekti k\u00e4igus.\u00a0 N\u00e4itus on avatud E-R 10.00-18.00. Meie kooli \u00f5pilased saavad n\u00e4itust k\u00fclastada tasuta. Tallinna S\u00fcdalinna Kooli \u00f5pilaste \u00f5limaali ring on tegutsenud juba viis...\" \/>\n<meta property=\"og:url\" content=\"https:\/\/sydalinna.edu.ee\/eng\/maaliringi-opilaste-naitus\/\" \/>\n<meta property=\"og:site_name\" content=\"Tallinna S\u00fcdalinna kool\" \/>\n<meta property=\"article:published_time\" content=\"2024-09-03T07:53:09+00:00\" \/>\n<meta property=\"article:modified_time\" content=\"2024-09-03T07:53:10+00:00\" \/>\n<meta property=\"og:image\" content=\"https:\/\/sydalinna.edu.ee\/wp-content\/uploads\/2024\/09\/IMG_20240903_073525_edit_150707869095230-scaled.jpg\" \/>\n\t<meta property=\"og:image:width\" content=\"1770\" \/>\n\t<meta property=\"og:image:height\" content=\"2560\" \/>\n\t<meta property=\"og:image:type\" content=\"image\/jpeg\" \/>\n<meta name=\"author\" content=\"Anna-Kaisa Kollo\" \/>\n<meta name=\"twitter:card\" content=\"summary_large_image\" \/>\n<meta name=\"twitter:label1\" content=\"Written by\" \/>\n\t<meta name=\"twitter:data1\" content=\"Anna-Kaisa Kollo\" \/>\n\t<meta name=\"twitter:label2\" content=\"Est. reading time\" \/>\n\t<meta name=\"twitter:data2\" content=\"1 minute\" \/>\n<script type=\"application\/ld+json\" class=\"yoast-schema-graph\">{\"@context\":\"https:\/\/schema.org\",\"@graph\":[{\"@type\":\"Article\",\"@id\":\"https:\/\/sydalinna.edu.ee\/eng\/maaliringi-opilaste-naitus\/#article\",\"isPartOf\":{\"@id\":\"https:\/\/sydalinna.edu.ee\/eng\/maaliringi-opilaste-naitus\/\"},\"author\":{\"name\":\"Anna-Kaisa Kollo\",\"@id\":\"https:\/\/sydalinna.edu.ee\/#\/schema\/person\/ace0bbb186cd946665450ec9c3c8fe9a\"},\"headline\":\"Maaliringi \u00f5pilaste n\u00e4itus\",\"datePublished\":\"2024-09-03T07:53:09+00:00\",\"dateModified\":\"2024-09-03T07:53:10+00:00\",\"mainEntityOfPage\":{\"@id\":\"https:\/\/sydalinna.edu.ee\/eng\/maaliringi-opilaste-naitus\/\"},\"wordCount\":128,\"commentCount\":0,\"publisher\":{\"@id\":\"https:\/\/sydalinna.edu.ee\/#organization\"},\"image\":{\"@id\":\"https:\/\/sydalinna.edu.ee\/eng\/maaliringi-opilaste-naitus\/#primaryimage\"},\"thumbnailUrl\":\"https:\/\/sydalinna.edu.ee\/wp-content\/uploads\/2024\/09\/IMG_20240903_073525_edit_150707869095230-scaled.jpg\",\"articleSection\":[\"Uudised\"],\"inLanguage\":\"en-US\",\"potentialAction\":[{\"@type\":\"CommentAction\",\"name\":\"Comment\",\"target\":[\"https:\/\/sydalinna.edu.ee\/eng\/maaliringi-opilaste-naitus\/#respond\"]}]},{\"@type\":\"WebPage\",\"@id\":\"https:\/\/sydalinna.edu.ee\/eng\/maaliringi-opilaste-naitus\/\",\"url\":\"https:\/\/sydalinna.edu.ee\/eng\/maaliringi-opilaste-naitus\/\",\"name\":\"Maaliringi \u00f5pilaste n\u00e4itus - Tallinna S\u00fcdalinna kool\",\"isPartOf\":{\"@id\":\"https:\/\/sydalinna.edu.ee\/#website\"},\"primaryImageOfPage\":{\"@id\":\"https:\/\/sydalinna.edu.ee\/eng\/maaliringi-opilaste-naitus\/#primaryimage\"},\"image\":{\"@id\":\"https:\/\/sydalinna.edu.ee\/eng\/maaliringi-opilaste-naitus\/#primaryimage\"},\"thumbnailUrl\":\"https:\/\/sydalinna.edu.ee\/wp-content\/uploads\/2024\/09\/IMG_20240903_073525_edit_150707869095230-scaled.jpg\",\"datePublished\":\"2024-09-03T07:53:09+00:00\",\"dateModified\":\"2024-09-03T07:53:10+00:00\",\"breadcrumb\":{\"@id\":\"https:\/\/sydalinna.edu.ee\/eng\/maaliringi-opilaste-naitus\/#breadcrumb\"},\"inLanguage\":\"en-US\",\"potentialAction\":[{\"@type\":\"ReadAction\",\"target\":[\"https:\/\/sydalinna.edu.ee\/eng\/maaliringi-opilaste-naitus\/\"]}]},{\"@type\":\"ImageObject\",\"inLanguage\":\"en-US\",\"@id\":\"https:\/\/sydalinna.edu.ee\/eng\/maaliringi-opilaste-naitus\/#primaryimage\",\"url\":\"https:\/\/sydalinna.edu.ee\/wp-content\/uploads\/2024\/09\/IMG_20240903_073525_edit_150707869095230-scaled.jpg\",\"contentUrl\":\"https:\/\/sydalinna.edu.ee\/wp-content\/uploads\/2024\/09\/IMG_20240903_073525_edit_150707869095230-scaled.jpg\",\"width\":1770,\"height\":2560,\"caption\":\"mde\"},{\"@type\":\"BreadcrumbList\",\"@id\":\"https:\/\/sydalinna.edu.ee\/eng\/maaliringi-opilaste-naitus\/#breadcrumb\",\"itemListElement\":[{\"@type\":\"ListItem\",\"position\":1,\"name\":\"Avaleht\",\"item\":\"https:\/\/sydalinna.edu.ee\/\"},{\"@type\":\"ListItem\",\"position\":2,\"name\":\"Maaliringi \u00f5pilaste n\u00e4itus\"}]},{\"@type\":\"WebSite\",\"@id\":\"https:\/\/sydalinna.edu.ee\/#website\",\"url\":\"https:\/\/sydalinna.edu.ee\/\",\"name\":\"Tallinna S\u00fcdalinna kool\",\"description\":\"Kodune kool kesklinna s\u00fcdames.\",\"publisher\":{\"@id\":\"https:\/\/sydalinna.edu.ee\/#organization\"},\"potentialAction\":[{\"@type\":\"SearchAction\",\"target\":{\"@type\":\"EntryPoint\",\"urlTemplate\":\"https:\/\/sydalinna.edu.ee\/?s={search_term_string}\"},\"query-input\":{\"@type\":\"PropertyValueSpecification\",\"valueRequired\":true,\"valueName\":\"search_term_string\"}}],\"inLanguage\":\"en-US\"},{\"@type\":\"Organization\",\"@id\":\"https:\/\/sydalinna.edu.ee\/#organization\",\"name\":\"Tallinna S\u00fcdalinna kool\",\"url\":\"https:\/\/sydalinna.edu.ee\/\",\"logo\":{\"@type\":\"ImageObject\",\"inLanguage\":\"en-US\",\"@id\":\"https:\/\/sydalinna.edu.ee\/#\/schema\/logo\/image\/\",\"url\":\"https:\/\/sydalinna.edu.ee\/wp-content\/uploads\/2021\/12\/g1.svg\",\"contentUrl\":\"https:\/\/sydalinna.edu.ee\/wp-content\/uploads\/2021\/12\/g1.svg\",\"width\":185,\"height\":45,\"caption\":\"Tallinna S\u00fcdalinna kool\"},\"image\":{\"@id\":\"https:\/\/sydalinna.edu.ee\/#\/schema\/logo\/image\/\"}},{\"@type\":\"Person\",\"@id\":\"https:\/\/sydalinna.edu.ee\/#\/schema\/person\/ace0bbb186cd946665450ec9c3c8fe9a\",\"name\":\"Anna-Kaisa Kollo\",\"image\":{\"@type\":\"ImageObject\",\"inLanguage\":\"en-US\",\"@id\":\"https:\/\/sydalinna.edu.ee\/#\/schema\/person\/image\/\",\"url\":\"https:\/\/secure.gravatar.com\/avatar\/871de64cdf505db75c9cba5f61f4098e5615f361e834001c91980de533ac7518?s=96&d=mm&r=g\",\"contentUrl\":\"https:\/\/secure.gravatar.com\/avatar\/871de64cdf505db75c9cba5f61f4098e5615f361e834001c91980de533ac7518?s=96&d=mm&r=g\",\"caption\":\"Anna-Kaisa Kollo\"},\"url\":\"https:\/\/sydalinna.edu.ee\/eng\/author\/kollo\/\"}]}<\/script>\n<!-- \/ Yoast SEO Premium plugin. -->","yoast_head_json":{"title":"Maaliringi \u00f5pilaste n\u00e4itus - Tallinna S\u00fcdalinna kool","robots":{"index":"index","follow":"follow","max-snippet":"max-snippet:-1","max-image-preview":"max-image-preview:large","max-video-preview":"max-video-preview:-1"},"canonical":"https:\/\/sydalinna.edu.ee\/eng\/maaliringi-opilaste-naitus\/","og_locale":"en_US","og_type":"article","og_title":"Maaliringi \u00f5pilaste n\u00e4itus","og_description":"Vanalinna Kullo Galeriis, Kuninga 6, Tallinn, on 2.-27. septembrini 2024 avatud meie kooli maaliringi \u00f5pilaste n\u00e4itus &#8220;Irvik Kass&#8221;, kes on tegelane\u00a0Lewis Carrolli raamatust &#8220;Alice Imedemaal&#8221;. T\u00f6\u00f6d on\u00a0valminud kunsti- ja inglise keele l\u00f5imumisprojekti k\u00e4igus.\u00a0 N\u00e4itus on avatud E-R 10.00-18.00. Meie kooli \u00f5pilased saavad n\u00e4itust k\u00fclastada tasuta. Tallinna S\u00fcdalinna Kooli \u00f5pilaste \u00f5limaali ring on tegutsenud juba viis...","og_url":"https:\/\/sydalinna.edu.ee\/eng\/maaliringi-opilaste-naitus\/","og_site_name":"Tallinna S\u00fcdalinna kool","article_published_time":"2024-09-03T07:53:09+00:00","article_modified_time":"2024-09-03T07:53:10+00:00","og_image":[{"width":1770,"height":2560,"url":"https:\/\/sydalinna.edu.ee\/wp-content\/uploads\/2024\/09\/IMG_20240903_073525_edit_150707869095230-scaled.jpg","type":"image\/jpeg"}],"author":"Anna-Kaisa Kollo","twitter_card":"summary_large_image","twitter_misc":{"Written by":"Anna-Kaisa Kollo","Est. reading time":"1 minute"},"schema":{"@context":"https:\/\/schema.org","@graph":[{"@type":"Article","@id":"https:\/\/sydalinna.edu.ee\/eng\/maaliringi-opilaste-naitus\/#article","isPartOf":{"@id":"https:\/\/sydalinna.edu.ee\/eng\/maaliringi-opilaste-naitus\/"},"author":{"name":"Anna-Kaisa Kollo","@id":"https:\/\/sydalinna.edu.ee\/#\/schema\/person\/ace0bbb186cd946665450ec9c3c8fe9a"},"headline":"Maaliringi \u00f5pilaste n\u00e4itus","datePublished":"2024-09-03T07:53:09+00:00","dateModified":"2024-09-03T07:53:10+00:00","mainEntityOfPage":{"@id":"https:\/\/sydalinna.edu.ee\/eng\/maaliringi-opilaste-naitus\/"},"wordCount":128,"commentCount":0,"publisher":{"@id":"https:\/\/sydalinna.edu.ee\/#organization"},"image":{"@id":"https:\/\/sydalinna.edu.ee\/eng\/maaliringi-opilaste-naitus\/#primaryimage"},"thumbnailUrl":"https:\/\/sydalinna.edu.ee\/wp-content\/uploads\/2024\/09\/IMG_20240903_073525_edit_150707869095230-scaled.jpg","articleSection":["Uudised"],"inLanguage":"en-US","potentialAction":[{"@type":"CommentAction","name":"Comment","target":["https:\/\/sydalinna.edu.ee\/eng\/maaliringi-opilaste-naitus\/#respond"]}]},{"@type":"WebPage","@id":"https:\/\/sydalinna.edu.ee\/eng\/maaliringi-opilaste-naitus\/","url":"https:\/\/sydalinna.edu.ee\/eng\/maaliringi-opilaste-naitus\/","name":"Maaliringi \u00f5pilaste n\u00e4itus - Tallinna S\u00fcdalinna kool","isPartOf":{"@id":"https:\/\/sydalinna.edu.ee\/#website"},"primaryImageOfPage":{"@id":"https:\/\/sydalinna.edu.ee\/eng\/maaliringi-opilaste-naitus\/#primaryimage"},"image":{"@id":"https:\/\/sydalinna.edu.ee\/eng\/maaliringi-opilaste-naitus\/#primaryimage"},"thumbnailUrl":"https:\/\/sydalinna.edu.ee\/wp-content\/uploads\/2024\/09\/IMG_20240903_073525_edit_150707869095230-scaled.jpg","datePublished":"2024-09-03T07:53:09+00:00","dateModified":"2024-09-03T07:53:10+00:00","breadcrumb":{"@id":"https:\/\/sydalinna.edu.ee\/eng\/maaliringi-opilaste-naitus\/#breadcrumb"},"inLanguage":"en-US","potentialAction":[{"@type":"ReadAction","target":["https:\/\/sydalinna.edu.ee\/eng\/maaliringi-opilaste-naitus\/"]}]},{"@type":"ImageObject","inLanguage":"en-US","@id":"https:\/\/sydalinna.edu.ee\/eng\/maaliringi-opilaste-naitus\/#primaryimage","url":"https:\/\/sydalinna.edu.ee\/wp-content\/uploads\/2024\/09\/IMG_20240903_073525_edit_150707869095230-scaled.jpg","contentUrl":"https:\/\/sydalinna.edu.ee\/wp-content\/uploads\/2024\/09\/IMG_20240903_073525_edit_150707869095230-scaled.jpg","width":1770,"height":2560,"caption":"mde"},{"@type":"BreadcrumbList","@id":"https:\/\/sydalinna.edu.ee\/eng\/maaliringi-opilaste-naitus\/#breadcrumb","itemListElement":[{"@type":"ListItem","position":1,"name":"Avaleht","item":"https:\/\/sydalinna.edu.ee\/"},{"@type":"ListItem","position":2,"name":"Maaliringi \u00f5pilaste n\u00e4itus"}]},{"@type":"WebSite","@id":"https:\/\/sydalinna.edu.ee\/#website","url":"https:\/\/sydalinna.edu.ee\/","name":"Tallinna S\u00fcdalinna kool","description":"Kodune kool kesklinna s\u00fcdames.","publisher":{"@id":"https:\/\/sydalinna.edu.ee\/#organization"},"potentialAction":[{"@type":"SearchAction","target":{"@type":"EntryPoint","urlTemplate":"https:\/\/sydalinna.edu.ee\/?s={search_term_string}"},"query-input":{"@type":"PropertyValueSpecification","valueRequired":true,"valueName":"search_term_string"}}],"inLanguage":"en-US"},{"@type":"Organization","@id":"https:\/\/sydalinna.edu.ee\/#organization","name":"Tallinna S\u00fcdalinna kool","url":"https:\/\/sydalinna.edu.ee\/","logo":{"@type":"ImageObject","inLanguage":"en-US","@id":"https:\/\/sydalinna.edu.ee\/#\/schema\/logo\/image\/","url":"https:\/\/sydalinna.edu.ee\/wp-content\/uploads\/2021\/12\/g1.svg","contentUrl":"https:\/\/sydalinna.edu.ee\/wp-content\/uploads\/2021\/12\/g1.svg","width":185,"height":45,"caption":"Tallinna S\u00fcdalinna kool"},"image":{"@id":"https:\/\/sydalinna.edu.ee\/#\/schema\/logo\/image\/"}},{"@type":"Person","@id":"https:\/\/sydalinna.edu.ee\/#\/schema\/person\/ace0bbb186cd946665450ec9c3c8fe9a","name":"Anna-Kaisa Kollo","image":{"@type":"ImageObject","inLanguage":"en-US","@id":"https:\/\/sydalinna.edu.ee\/#\/schema\/person\/image\/","url":"https:\/\/secure.gravatar.com\/avatar\/871de64cdf505db75c9cba5f61f4098e5615f361e834001c91980de533ac7518?s=96&d=mm&r=g","contentUrl":"https:\/\/secure.gravatar.com\/avatar\/871de64cdf505db75c9cba5f61f4098e5615f361e834001c91980de533ac7518?s=96&d=mm&r=g","caption":"Anna-Kaisa Kollo"},"url":"https:\/\/sydalinna.edu.ee\/eng\/author\/kollo\/"}]}},"_links":{"self":[{"href":"https:\/\/sydalinna.edu.ee\/eng\/wp-json\/wp\/v2\/posts\/7649","targetHints":{"allow":["GET"]}}],"collection":[{"href":"https:\/\/sydalinna.edu.ee\/eng\/wp-json\/wp\/v2\/posts"}],"about":[{"href":"https:\/\/sydalinna.edu.ee\/eng\/wp-json\/wp\/v2\/types\/post"}],"author":[{"embeddable":true,"href":"https:\/\/sydalinna.edu.ee\/eng\/wp-json\/wp\/v2\/users\/10"}],"replies":[{"embeddable":true,"href":"https:\/\/sydalinna.edu.ee\/eng\/wp-json\/wp\/v2\/comments?post=7649"}],"version-history":[{"count":2,"href":"https:\/\/sydalinna.edu.ee\/eng\/wp-json\/wp\/v2\/posts\/7649\/revisions"}],"predecessor-version":[{"id":7651,"href":"https:\/\/sydalinna.edu.ee\/eng\/wp-json\/wp\/v2\/posts\/7649\/revisions\/7651"}],"wp:featuredmedia":[{"embeddable":true,"href":"https:\/\/sydalinna.edu.ee\/eng\/wp-json\/wp\/v2\/media\/7648"}],"wp:attachment":[{"href":"https:\/\/sydalinna.edu.ee\/eng\/wp-json\/wp\/v2\/media?parent=7649"}],"wp:term":[{"taxonomy":"category","embeddable":true,"href":"https:\/\/sydalinna.edu.ee\/eng\/wp-json\/wp\/v2\/categories?post=7649"},{"taxonomy":"post_tag","embeddable":true,"href":"https:\/\/sydalinna.edu.ee\/eng\/wp-json\/wp\/v2\/tags?post=7649"}],"curies":[{"name":"wp","href":"https:\/\/api.w.org\/{rel}","templated":true}]}}