{"id":7027,"date":"2023-11-20T06:39:43","date_gmt":"2023-11-20T06:39:43","guid":{"rendered":"https:\/\/sydalinna-edu-ee.vserver.zonevs.eu\/?p=7027"},"modified":"2023-11-20T06:39:44","modified_gmt":"2023-11-20T06:39:44","slug":"euroopa-keeleoppe-tunnuskiri","status":"publish","type":"post","link":"https:\/\/sydalinna.edu.ee\/eng\/euroopa-keeleoppe-tunnuskiri\/","title":{"rendered":"Euroopa keele\u00f5ppe tunnuskiri"},"content":{"rendered":"<p>Meil on v\u00e4ga hea meel ja uhkus, et taaskord on auhind saabunud v\u00f5\u00f5rkeele\u00f5petuse metoodika uuendamise eest just S\u00fcdalinna Kooli ja \u00f5petaja Anneli Kesksaarele.&nbsp;&nbsp;<strong>Projekt \u201eTallinna S\u00fcdalinna Kooli luuleraamatuke \u2013 eElfchenbuch\u201c on p\u00e4lvinud Euroopa keele\u00f5ppe tunnuskirja<\/strong>.&nbsp;Euroopa keele\u00f5ppe tunnuskiri (European Language Label ehk l\u00fchidalt ELL) on auhind, millega tunnustatakse uuenduslikku l\u00e4henemist keele\u00f5ppele, sh erinevate tehnoloogiate ja meetodite kasutamist, hea praktika levitamist ja keelelis-kultuurilise kogemuse vahetamist.<\/p>\n\n\n\n<p>Komisjon tunnustab, et projekt &#8220;eElfchenbuch&#8221;&nbsp; ja selle tulemused on avatud laiale avalikkusele (teistele koolidele ja muudele huvilistele), mitmele keelele suunatud, laia leviga; kaasatud v\u00e4ga p\u00e4evakajaline ChatGPT teema. Tegemist on hea n\u00e4itega j\u00e4rjepidevusest, kuna sai juba alguse juba 2008. aastal. V\u00e4hese keeleoskuse eduelamus; pole n\u00f5utud keeleoskuse l\u00e4vendit, et saaks osaleda, loovuse komponent keele\u00f5ppes.<\/p>\n\n\n\n<p>Luuleraamatuga saab tutvuda:<\/p>\n\n\n\n<p><a href=\"https:\/\/www.edlv.planet.ee\/luuleraamat\/\">https:\/\/www.edlv.planet.ee\/luuleraamat\/<\/a><\/p>\n\n\n\n<p>T\u00e4naseks on eElfchenbuchis avaldatud luuletusi \u00fcle 1200.<\/p>\n\n\n\n<p>Ait\u00e4h k\u00f5igile \u00f5petajatele-juhendajatele ja \u00f5pilastele, kes on oma kaast\u00f6\u00f6dega aidanud meie luuleraamatut rikastada.<\/p>\n\n\n\n<p><strong>T\u00e4name \u00f5petaja Anneli Kesksaart,<\/strong>&nbsp;kes on aastaid projekti vedanud ja nii meie kooli kui ka teiste koolide \u00f5pilasi innustanud \u00f5ppima saksa keelt (ja \u00fcldse v\u00f5\u00f5rkeeli).<\/p>\n\n\n\n<p>Tunnuskirja statuudist ja eelnevate aastate v\u00f5itjate info: <\/p>\n\n\n\n<p><a href=\"https:\/\/eeagentuur.ee\/projektitegijale\/euroopa-keeleoppe-tunnuskiri\/\">https:\/\/eeagentuur.ee\/projektitegijale\/euroopa-keeleoppe-tunnuskiri\/<\/a><\/p>\n\n\n\n<p><\/p>\n\n\n\n<p>Foto: EV\u00d5L<\/p>\n\n\n\n<p><\/p>","protected":false},"excerpt":{"rendered":"<p>Meil on v\u00e4ga hea meel ja uhkus, et taaskord on auhind saabunud v\u00f5\u00f5rkeele\u00f5petuse metoodika uuendamise eest just S\u00fcdalinna Kooli ja \u00f5petaja Anneli Kesksaarele.&nbsp;&nbsp;Projekt \u201eTallinna S\u00fcdalinna Kooli luuleraamatuke \u2013 eElfchenbuch\u201c on p\u00e4lvinud Euroopa keele\u00f5ppe tunnuskirja.&nbsp;Euroopa keele\u00f5ppe tunnuskiri (European Language Label ehk l\u00fchidalt ELL) on auhind, millega tunnustatakse uuenduslikku l\u00e4henemist keele\u00f5ppele, sh erinevate tehnoloogiate ja meetodite kasutamist,&#8230;<\/p>","protected":false},"author":10,"featured_media":7028,"comment_status":"open","ping_status":"open","sticky":false,"template":"","format":"standard","meta":{"_kad_post_transparent":"","_kad_post_title":"","_kad_post_layout":"","_kad_post_sidebar_id":"","_kad_post_content_style":"","_kad_post_vertical_padding":"","_kad_post_feature":"","_kad_post_feature_position":"","_kad_post_header":false,"_kad_post_footer":false,"_kad_post_classname":"","footnotes":""},"categories":[2],"tags":[],"class_list":["post-7027","post","type-post","status-publish","format-standard","has-post-thumbnail","hentry","category-uudised"],"yoast_head":"<!-- This site is optimized with the Yoast SEO Premium plugin v20.11 (Yoast SEO v26.6) - https:\/\/yoast.com\/wordpress\/plugins\/seo\/ -->\n<title>Euroopa keele\u00f5ppe tunnuskiri - Tallinna S\u00fcdalinna kool<\/title>\n<meta name=\"robots\" content=\"index, follow, max-snippet:-1, max-image-preview:large, max-video-preview:-1\" \/>\n<link rel=\"canonical\" href=\"https:\/\/sydalinna.edu.ee\/eng\/euroopa-keeleoppe-tunnuskiri\/\" \/>\n<meta property=\"og:locale\" content=\"en_US\" \/>\n<meta property=\"og:type\" content=\"article\" \/>\n<meta property=\"og:title\" content=\"Euroopa keele\u00f5ppe tunnuskiri\" \/>\n<meta property=\"og:description\" content=\"Meil on v\u00e4ga hea meel ja uhkus, et taaskord on auhind saabunud v\u00f5\u00f5rkeele\u00f5petuse metoodika uuendamise eest just S\u00fcdalinna Kooli ja \u00f5petaja Anneli Kesksaarele.&nbsp;&nbsp;Projekt \u201eTallinna S\u00fcdalinna Kooli luuleraamatuke \u2013 eElfchenbuch\u201c on p\u00e4lvinud Euroopa keele\u00f5ppe tunnuskirja.&nbsp;Euroopa keele\u00f5ppe tunnuskiri (European Language Label ehk l\u00fchidalt ELL) on auhind, millega tunnustatakse uuenduslikku l\u00e4henemist keele\u00f5ppele, sh erinevate tehnoloogiate ja meetodite kasutamist,...\" \/>\n<meta property=\"og:url\" content=\"https:\/\/sydalinna.edu.ee\/eng\/euroopa-keeleoppe-tunnuskiri\/\" \/>\n<meta property=\"og:site_name\" content=\"Tallinna S\u00fcdalinna kool\" \/>\n<meta property=\"article:published_time\" content=\"2023-11-20T06:39:43+00:00\" \/>\n<meta property=\"article:modified_time\" content=\"2023-11-20T06:39:44+00:00\" \/>\n<meta property=\"og:image\" content=\"https:\/\/sydalinna.edu.ee\/wp-content\/uploads\/2023\/11\/402420182_665537745705609_7577093822820983030_n.jpg\" \/>\n\t<meta property=\"og:image:width\" content=\"1399\" \/>\n\t<meta property=\"og:image:height\" content=\"960\" \/>\n\t<meta property=\"og:image:type\" content=\"image\/jpeg\" \/>\n<meta name=\"author\" content=\"Anna-Kaisa Kollo\" \/>\n<meta name=\"twitter:card\" content=\"summary_large_image\" \/>\n<meta name=\"twitter:label1\" content=\"Written by\" \/>\n\t<meta name=\"twitter:data1\" content=\"Anna-Kaisa Kollo\" \/>\n\t<meta name=\"twitter:label2\" content=\"Est. reading time\" \/>\n\t<meta name=\"twitter:data2\" content=\"1 minute\" \/>\n<script type=\"application\/ld+json\" class=\"yoast-schema-graph\">{\"@context\":\"https:\/\/schema.org\",\"@graph\":[{\"@type\":\"Article\",\"@id\":\"https:\/\/sydalinna.edu.ee\/eng\/euroopa-keeleoppe-tunnuskiri\/#article\",\"isPartOf\":{\"@id\":\"https:\/\/sydalinna.edu.ee\/eng\/euroopa-keeleoppe-tunnuskiri\/\"},\"author\":{\"name\":\"Anna-Kaisa Kollo\",\"@id\":\"https:\/\/sydalinna.edu.ee\/#\/schema\/person\/ace0bbb186cd946665450ec9c3c8fe9a\"},\"headline\":\"Euroopa keele\u00f5ppe tunnuskiri\",\"datePublished\":\"2023-11-20T06:39:43+00:00\",\"dateModified\":\"2023-11-20T06:39:44+00:00\",\"mainEntityOfPage\":{\"@id\":\"https:\/\/sydalinna.edu.ee\/eng\/euroopa-keeleoppe-tunnuskiri\/\"},\"wordCount\":217,\"commentCount\":0,\"publisher\":{\"@id\":\"https:\/\/sydalinna.edu.ee\/#organization\"},\"image\":{\"@id\":\"https:\/\/sydalinna.edu.ee\/eng\/euroopa-keeleoppe-tunnuskiri\/#primaryimage\"},\"thumbnailUrl\":\"https:\/\/sydalinna.edu.ee\/wp-content\/uploads\/2023\/11\/402420182_665537745705609_7577093822820983030_n.jpg\",\"articleSection\":[\"Uudised\"],\"inLanguage\":\"en-US\",\"potentialAction\":[{\"@type\":\"CommentAction\",\"name\":\"Comment\",\"target\":[\"https:\/\/sydalinna.edu.ee\/eng\/euroopa-keeleoppe-tunnuskiri\/#respond\"]}]},{\"@type\":\"WebPage\",\"@id\":\"https:\/\/sydalinna.edu.ee\/eng\/euroopa-keeleoppe-tunnuskiri\/\",\"url\":\"https:\/\/sydalinna.edu.ee\/eng\/euroopa-keeleoppe-tunnuskiri\/\",\"name\":\"Euroopa keele\u00f5ppe tunnuskiri - Tallinna S\u00fcdalinna kool\",\"isPartOf\":{\"@id\":\"https:\/\/sydalinna.edu.ee\/#website\"},\"primaryImageOfPage\":{\"@id\":\"https:\/\/sydalinna.edu.ee\/eng\/euroopa-keeleoppe-tunnuskiri\/#primaryimage\"},\"image\":{\"@id\":\"https:\/\/sydalinna.edu.ee\/eng\/euroopa-keeleoppe-tunnuskiri\/#primaryimage\"},\"thumbnailUrl\":\"https:\/\/sydalinna.edu.ee\/wp-content\/uploads\/2023\/11\/402420182_665537745705609_7577093822820983030_n.jpg\",\"datePublished\":\"2023-11-20T06:39:43+00:00\",\"dateModified\":\"2023-11-20T06:39:44+00:00\",\"breadcrumb\":{\"@id\":\"https:\/\/sydalinna.edu.ee\/eng\/euroopa-keeleoppe-tunnuskiri\/#breadcrumb\"},\"inLanguage\":\"en-US\",\"potentialAction\":[{\"@type\":\"ReadAction\",\"target\":[\"https:\/\/sydalinna.edu.ee\/eng\/euroopa-keeleoppe-tunnuskiri\/\"]}]},{\"@type\":\"ImageObject\",\"inLanguage\":\"en-US\",\"@id\":\"https:\/\/sydalinna.edu.ee\/eng\/euroopa-keeleoppe-tunnuskiri\/#primaryimage\",\"url\":\"https:\/\/sydalinna.edu.ee\/wp-content\/uploads\/2023\/11\/402420182_665537745705609_7577093822820983030_n.jpg\",\"contentUrl\":\"https:\/\/sydalinna.edu.ee\/wp-content\/uploads\/2023\/11\/402420182_665537745705609_7577093822820983030_n.jpg\",\"width\":1399,\"height\":960},{\"@type\":\"BreadcrumbList\",\"@id\":\"https:\/\/sydalinna.edu.ee\/eng\/euroopa-keeleoppe-tunnuskiri\/#breadcrumb\",\"itemListElement\":[{\"@type\":\"ListItem\",\"position\":1,\"name\":\"Avaleht\",\"item\":\"https:\/\/sydalinna.edu.ee\/\"},{\"@type\":\"ListItem\",\"position\":2,\"name\":\"Euroopa keele\u00f5ppe tunnuskiri\"}]},{\"@type\":\"WebSite\",\"@id\":\"https:\/\/sydalinna.edu.ee\/#website\",\"url\":\"https:\/\/sydalinna.edu.ee\/\",\"name\":\"Tallinna S\u00fcdalinna kool\",\"description\":\"Kodune kool kesklinna s\u00fcdames.\",\"publisher\":{\"@id\":\"https:\/\/sydalinna.edu.ee\/#organization\"},\"potentialAction\":[{\"@type\":\"SearchAction\",\"target\":{\"@type\":\"EntryPoint\",\"urlTemplate\":\"https:\/\/sydalinna.edu.ee\/?s={search_term_string}\"},\"query-input\":{\"@type\":\"PropertyValueSpecification\",\"valueRequired\":true,\"valueName\":\"search_term_string\"}}],\"inLanguage\":\"en-US\"},{\"@type\":\"Organization\",\"@id\":\"https:\/\/sydalinna.edu.ee\/#organization\",\"name\":\"Tallinna S\u00fcdalinna kool\",\"url\":\"https:\/\/sydalinna.edu.ee\/\",\"logo\":{\"@type\":\"ImageObject\",\"inLanguage\":\"en-US\",\"@id\":\"https:\/\/sydalinna.edu.ee\/#\/schema\/logo\/image\/\",\"url\":\"https:\/\/sydalinna.edu.ee\/wp-content\/uploads\/2021\/12\/g1.svg\",\"contentUrl\":\"https:\/\/sydalinna.edu.ee\/wp-content\/uploads\/2021\/12\/g1.svg\",\"width\":185,\"height\":45,\"caption\":\"Tallinna S\u00fcdalinna kool\"},\"image\":{\"@id\":\"https:\/\/sydalinna.edu.ee\/#\/schema\/logo\/image\/\"}},{\"@type\":\"Person\",\"@id\":\"https:\/\/sydalinna.edu.ee\/#\/schema\/person\/ace0bbb186cd946665450ec9c3c8fe9a\",\"name\":\"Anna-Kaisa Kollo\",\"image\":{\"@type\":\"ImageObject\",\"inLanguage\":\"en-US\",\"@id\":\"https:\/\/sydalinna.edu.ee\/#\/schema\/person\/image\/\",\"url\":\"https:\/\/secure.gravatar.com\/avatar\/871de64cdf505db75c9cba5f61f4098e5615f361e834001c91980de533ac7518?s=96&d=mm&r=g\",\"contentUrl\":\"https:\/\/secure.gravatar.com\/avatar\/871de64cdf505db75c9cba5f61f4098e5615f361e834001c91980de533ac7518?s=96&d=mm&r=g\",\"caption\":\"Anna-Kaisa Kollo\"},\"url\":\"https:\/\/sydalinna.edu.ee\/eng\/author\/kollo\/\"}]}<\/script>\n<!-- \/ Yoast SEO Premium plugin. -->","yoast_head_json":{"title":"Euroopa keele\u00f5ppe tunnuskiri - Tallinna S\u00fcdalinna kool","robots":{"index":"index","follow":"follow","max-snippet":"max-snippet:-1","max-image-preview":"max-image-preview:large","max-video-preview":"max-video-preview:-1"},"canonical":"https:\/\/sydalinna.edu.ee\/eng\/euroopa-keeleoppe-tunnuskiri\/","og_locale":"en_US","og_type":"article","og_title":"Euroopa keele\u00f5ppe tunnuskiri","og_description":"Meil on v\u00e4ga hea meel ja uhkus, et taaskord on auhind saabunud v\u00f5\u00f5rkeele\u00f5petuse metoodika uuendamise eest just S\u00fcdalinna Kooli ja \u00f5petaja Anneli Kesksaarele.&nbsp;&nbsp;Projekt \u201eTallinna S\u00fcdalinna Kooli luuleraamatuke \u2013 eElfchenbuch\u201c on p\u00e4lvinud Euroopa keele\u00f5ppe tunnuskirja.&nbsp;Euroopa keele\u00f5ppe tunnuskiri (European Language Label ehk l\u00fchidalt ELL) on auhind, millega tunnustatakse uuenduslikku l\u00e4henemist keele\u00f5ppele, sh erinevate tehnoloogiate ja meetodite kasutamist,...","og_url":"https:\/\/sydalinna.edu.ee\/eng\/euroopa-keeleoppe-tunnuskiri\/","og_site_name":"Tallinna S\u00fcdalinna kool","article_published_time":"2023-11-20T06:39:43+00:00","article_modified_time":"2023-11-20T06:39:44+00:00","og_image":[{"width":1399,"height":960,"url":"https:\/\/sydalinna.edu.ee\/wp-content\/uploads\/2023\/11\/402420182_665537745705609_7577093822820983030_n.jpg","type":"image\/jpeg"}],"author":"Anna-Kaisa Kollo","twitter_card":"summary_large_image","twitter_misc":{"Written by":"Anna-Kaisa Kollo","Est. reading time":"1 minute"},"schema":{"@context":"https:\/\/schema.org","@graph":[{"@type":"Article","@id":"https:\/\/sydalinna.edu.ee\/eng\/euroopa-keeleoppe-tunnuskiri\/#article","isPartOf":{"@id":"https:\/\/sydalinna.edu.ee\/eng\/euroopa-keeleoppe-tunnuskiri\/"},"author":{"name":"Anna-Kaisa Kollo","@id":"https:\/\/sydalinna.edu.ee\/#\/schema\/person\/ace0bbb186cd946665450ec9c3c8fe9a"},"headline":"Euroopa keele\u00f5ppe tunnuskiri","datePublished":"2023-11-20T06:39:43+00:00","dateModified":"2023-11-20T06:39:44+00:00","mainEntityOfPage":{"@id":"https:\/\/sydalinna.edu.ee\/eng\/euroopa-keeleoppe-tunnuskiri\/"},"wordCount":217,"commentCount":0,"publisher":{"@id":"https:\/\/sydalinna.edu.ee\/#organization"},"image":{"@id":"https:\/\/sydalinna.edu.ee\/eng\/euroopa-keeleoppe-tunnuskiri\/#primaryimage"},"thumbnailUrl":"https:\/\/sydalinna.edu.ee\/wp-content\/uploads\/2023\/11\/402420182_665537745705609_7577093822820983030_n.jpg","articleSection":["Uudised"],"inLanguage":"en-US","potentialAction":[{"@type":"CommentAction","name":"Comment","target":["https:\/\/sydalinna.edu.ee\/eng\/euroopa-keeleoppe-tunnuskiri\/#respond"]}]},{"@type":"WebPage","@id":"https:\/\/sydalinna.edu.ee\/eng\/euroopa-keeleoppe-tunnuskiri\/","url":"https:\/\/sydalinna.edu.ee\/eng\/euroopa-keeleoppe-tunnuskiri\/","name":"Euroopa keele\u00f5ppe tunnuskiri - Tallinna S\u00fcdalinna kool","isPartOf":{"@id":"https:\/\/sydalinna.edu.ee\/#website"},"primaryImageOfPage":{"@id":"https:\/\/sydalinna.edu.ee\/eng\/euroopa-keeleoppe-tunnuskiri\/#primaryimage"},"image":{"@id":"https:\/\/sydalinna.edu.ee\/eng\/euroopa-keeleoppe-tunnuskiri\/#primaryimage"},"thumbnailUrl":"https:\/\/sydalinna.edu.ee\/wp-content\/uploads\/2023\/11\/402420182_665537745705609_7577093822820983030_n.jpg","datePublished":"2023-11-20T06:39:43+00:00","dateModified":"2023-11-20T06:39:44+00:00","breadcrumb":{"@id":"https:\/\/sydalinna.edu.ee\/eng\/euroopa-keeleoppe-tunnuskiri\/#breadcrumb"},"inLanguage":"en-US","potentialAction":[{"@type":"ReadAction","target":["https:\/\/sydalinna.edu.ee\/eng\/euroopa-keeleoppe-tunnuskiri\/"]}]},{"@type":"ImageObject","inLanguage":"en-US","@id":"https:\/\/sydalinna.edu.ee\/eng\/euroopa-keeleoppe-tunnuskiri\/#primaryimage","url":"https:\/\/sydalinna.edu.ee\/wp-content\/uploads\/2023\/11\/402420182_665537745705609_7577093822820983030_n.jpg","contentUrl":"https:\/\/sydalinna.edu.ee\/wp-content\/uploads\/2023\/11\/402420182_665537745705609_7577093822820983030_n.jpg","width":1399,"height":960},{"@type":"BreadcrumbList","@id":"https:\/\/sydalinna.edu.ee\/eng\/euroopa-keeleoppe-tunnuskiri\/#breadcrumb","itemListElement":[{"@type":"ListItem","position":1,"name":"Avaleht","item":"https:\/\/sydalinna.edu.ee\/"},{"@type":"ListItem","position":2,"name":"Euroopa keele\u00f5ppe tunnuskiri"}]},{"@type":"WebSite","@id":"https:\/\/sydalinna.edu.ee\/#website","url":"https:\/\/sydalinna.edu.ee\/","name":"Tallinna S\u00fcdalinna kool","description":"Kodune kool kesklinna s\u00fcdames.","publisher":{"@id":"https:\/\/sydalinna.edu.ee\/#organization"},"potentialAction":[{"@type":"SearchAction","target":{"@type":"EntryPoint","urlTemplate":"https:\/\/sydalinna.edu.ee\/?s={search_term_string}"},"query-input":{"@type":"PropertyValueSpecification","valueRequired":true,"valueName":"search_term_string"}}],"inLanguage":"en-US"},{"@type":"Organization","@id":"https:\/\/sydalinna.edu.ee\/#organization","name":"Tallinna S\u00fcdalinna kool","url":"https:\/\/sydalinna.edu.ee\/","logo":{"@type":"ImageObject","inLanguage":"en-US","@id":"https:\/\/sydalinna.edu.ee\/#\/schema\/logo\/image\/","url":"https:\/\/sydalinna.edu.ee\/wp-content\/uploads\/2021\/12\/g1.svg","contentUrl":"https:\/\/sydalinna.edu.ee\/wp-content\/uploads\/2021\/12\/g1.svg","width":185,"height":45,"caption":"Tallinna S\u00fcdalinna kool"},"image":{"@id":"https:\/\/sydalinna.edu.ee\/#\/schema\/logo\/image\/"}},{"@type":"Person","@id":"https:\/\/sydalinna.edu.ee\/#\/schema\/person\/ace0bbb186cd946665450ec9c3c8fe9a","name":"Anna-Kaisa Kollo","image":{"@type":"ImageObject","inLanguage":"en-US","@id":"https:\/\/sydalinna.edu.ee\/#\/schema\/person\/image\/","url":"https:\/\/secure.gravatar.com\/avatar\/871de64cdf505db75c9cba5f61f4098e5615f361e834001c91980de533ac7518?s=96&d=mm&r=g","contentUrl":"https:\/\/secure.gravatar.com\/avatar\/871de64cdf505db75c9cba5f61f4098e5615f361e834001c91980de533ac7518?s=96&d=mm&r=g","caption":"Anna-Kaisa Kollo"},"url":"https:\/\/sydalinna.edu.ee\/eng\/author\/kollo\/"}]}},"_links":{"self":[{"href":"https:\/\/sydalinna.edu.ee\/eng\/wp-json\/wp\/v2\/posts\/7027","targetHints":{"allow":["GET"]}}],"collection":[{"href":"https:\/\/sydalinna.edu.ee\/eng\/wp-json\/wp\/v2\/posts"}],"about":[{"href":"https:\/\/sydalinna.edu.ee\/eng\/wp-json\/wp\/v2\/types\/post"}],"author":[{"embeddable":true,"href":"https:\/\/sydalinna.edu.ee\/eng\/wp-json\/wp\/v2\/users\/10"}],"replies":[{"embeddable":true,"href":"https:\/\/sydalinna.edu.ee\/eng\/wp-json\/wp\/v2\/comments?post=7027"}],"version-history":[{"count":1,"href":"https:\/\/sydalinna.edu.ee\/eng\/wp-json\/wp\/v2\/posts\/7027\/revisions"}],"predecessor-version":[{"id":7029,"href":"https:\/\/sydalinna.edu.ee\/eng\/wp-json\/wp\/v2\/posts\/7027\/revisions\/7029"}],"wp:featuredmedia":[{"embeddable":true,"href":"https:\/\/sydalinna.edu.ee\/eng\/wp-json\/wp\/v2\/media\/7028"}],"wp:attachment":[{"href":"https:\/\/sydalinna.edu.ee\/eng\/wp-json\/wp\/v2\/media?parent=7027"}],"wp:term":[{"taxonomy":"category","embeddable":true,"href":"https:\/\/sydalinna.edu.ee\/eng\/wp-json\/wp\/v2\/categories?post=7027"},{"taxonomy":"post_tag","embeddable":true,"href":"https:\/\/sydalinna.edu.ee\/eng\/wp-json\/wp\/v2\/tags?post=7027"}],"curies":[{"name":"wp","href":"https:\/\/api.w.org\/{rel}","templated":true}]}}