{"id":6175,"date":"2023-05-15T05:23:39","date_gmt":"2023-05-15T05:23:39","guid":{"rendered":"https:\/\/sydalinna-edu-ee.vserver.zonevs.eu\/?p=6175"},"modified":"2023-05-15T05:23:39","modified_gmt":"2023-05-15T05:23:39","slug":"uleriigilisel-kunstiolumpiaadil-i-koht","status":"publish","type":"post","link":"https:\/\/sydalinna.edu.ee\/eng\/uleriigilisel-kunstiolumpiaadil-i-koht\/","title":{"rendered":"\u00dcleriigilisel kunstiol\u00fcmpiaadil I koht"},"content":{"rendered":"<p>V\u00e4ga suur r\u00f5\u00f5m ja uhkus on anda teada, et S\u00fcdalinna Kooli \u00f5pilane Eke Laur Pikkorainen 9. klassist saavutas \u00fcleriigilisel kunstiol\u00fcmpiaadil I koha. Ol\u00fcmpiaadi korraldab MT\u00dc Kunstihariduse \u00dching, ol\u00fcmpiaad toimub igal aastal. Nii piirkonna- kui ka l\u00f5ppvoor koosnevad kolmest osast: teooriak\u00fcsimustele vastamine, praktiline t\u00f6\u00f6 ja eelnevalt koduse \u00fclesandena valminud omaloominguline teos. Laup\u00e4eval 06.05.2023 toimunud \u00fcleriigilisel ol\u00fcmpiaadil saavutas Eke Laur parima tulemuse k\u00f5ikides kategooriates ja lisaks ka Eesti Kunstiakadeemia eripreemia. <\/p>\n\n\n\n<p class=\"has-text-align-left\">Eke Lauri juhendajaks on kunsti\u00f5petaja Pille-Riin Talts. Palju \u00f5nne nii \u00f5pilasele kui ka tema juhendajale!<\/p>","protected":false},"excerpt":{"rendered":"<p>V\u00e4ga suur r\u00f5\u00f5m ja uhkus on anda teada, et S\u00fcdalinna Kooli \u00f5pilane Eke Laur Pikkorainen 9. klassist saavutas \u00fcleriigilisel kunstiol\u00fcmpiaadil I koha. Ol\u00fcmpiaadi korraldab MT\u00dc Kunstihariduse \u00dching, ol\u00fcmpiaad toimub igal aastal. Nii piirkonna- kui ka l\u00f5ppvoor koosnevad kolmest osast: teooriak\u00fcsimustele vastamine, praktiline t\u00f6\u00f6 ja eelnevalt koduse \u00fclesandena valminud omaloominguline teos. Laup\u00e4eval 06.05.2023 toimunud \u00fcleriigilisel ol\u00fcmpiaadil&#8230;<\/p>","protected":false},"author":10,"featured_media":6173,"comment_status":"open","ping_status":"open","sticky":false,"template":"","format":"standard","meta":{"_kad_post_transparent":"","_kad_post_title":"","_kad_post_layout":"","_kad_post_sidebar_id":"","_kad_post_content_style":"","_kad_post_vertical_padding":"","_kad_post_feature":"","_kad_post_feature_position":"","_kad_post_header":false,"_kad_post_footer":false,"_kad_post_classname":"","footnotes":""},"categories":[2],"tags":[],"class_list":["post-6175","post","type-post","status-publish","format-standard","has-post-thumbnail","hentry","category-uudised"],"yoast_head":"<!-- This site is optimized with the Yoast SEO Premium plugin v20.11 (Yoast SEO v26.6) - https:\/\/yoast.com\/wordpress\/plugins\/seo\/ -->\n<title>\u00dcleriigilisel kunstiol\u00fcmpiaadil I koht - Tallinna S\u00fcdalinna kool<\/title>\n<meta name=\"robots\" content=\"index, follow, max-snippet:-1, max-image-preview:large, max-video-preview:-1\" \/>\n<link rel=\"canonical\" href=\"https:\/\/sydalinna.edu.ee\/eng\/uleriigilisel-kunstiolumpiaadil-i-koht\/\" \/>\n<meta property=\"og:locale\" content=\"en_US\" \/>\n<meta property=\"og:type\" content=\"article\" \/>\n<meta property=\"og:title\" content=\"\u00dcleriigilisel kunstiol\u00fcmpiaadil I koht\" \/>\n<meta property=\"og:description\" content=\"V\u00e4ga suur r\u00f5\u00f5m ja uhkus on anda teada, et S\u00fcdalinna Kooli \u00f5pilane Eke Laur Pikkorainen 9. klassist saavutas \u00fcleriigilisel kunstiol\u00fcmpiaadil I koha. Ol\u00fcmpiaadi korraldab MT\u00dc Kunstihariduse \u00dching, ol\u00fcmpiaad toimub igal aastal. Nii piirkonna- kui ka l\u00f5ppvoor koosnevad kolmest osast: teooriak\u00fcsimustele vastamine, praktiline t\u00f6\u00f6 ja eelnevalt koduse \u00fclesandena valminud omaloominguline teos. Laup\u00e4eval 06.05.2023 toimunud \u00fcleriigilisel ol\u00fcmpiaadil...\" \/>\n<meta property=\"og:url\" content=\"https:\/\/sydalinna.edu.ee\/eng\/uleriigilisel-kunstiolumpiaadil-i-koht\/\" \/>\n<meta property=\"og:site_name\" content=\"Tallinna S\u00fcdalinna kool\" \/>\n<meta property=\"article:published_time\" content=\"2023-05-15T05:23:39+00:00\" \/>\n<meta property=\"og:image\" content=\"https:\/\/sydalinna.edu.ee\/wp-content\/uploads\/2023\/05\/D432F478-7BE8-44F2-9CC5-CF29AAFA3AF3.jpeg\" \/>\n\t<meta property=\"og:image:width\" content=\"449\" \/>\n\t<meta property=\"og:image:height\" content=\"640\" \/>\n\t<meta property=\"og:image:type\" content=\"image\/jpeg\" \/>\n<meta name=\"author\" content=\"Anna-Kaisa Kollo\" \/>\n<meta name=\"twitter:card\" content=\"summary_large_image\" \/>\n<meta name=\"twitter:label1\" content=\"Written by\" \/>\n\t<meta name=\"twitter:data1\" content=\"Anna-Kaisa Kollo\" \/>\n\t<meta name=\"twitter:label2\" content=\"Est. reading time\" \/>\n\t<meta name=\"twitter:data2\" content=\"1 minute\" \/>\n<script type=\"application\/ld+json\" class=\"yoast-schema-graph\">{\"@context\":\"https:\/\/schema.org\",\"@graph\":[{\"@type\":\"Article\",\"@id\":\"https:\/\/sydalinna.edu.ee\/eng\/uleriigilisel-kunstiolumpiaadil-i-koht\/#article\",\"isPartOf\":{\"@id\":\"https:\/\/sydalinna.edu.ee\/eng\/uleriigilisel-kunstiolumpiaadil-i-koht\/\"},\"author\":{\"name\":\"Anna-Kaisa Kollo\",\"@id\":\"https:\/\/sydalinna.edu.ee\/#\/schema\/person\/ace0bbb186cd946665450ec9c3c8fe9a\"},\"headline\":\"\u00dcleriigilisel kunstiol\u00fcmpiaadil I koht\",\"datePublished\":\"2023-05-15T05:23:39+00:00\",\"mainEntityOfPage\":{\"@id\":\"https:\/\/sydalinna.edu.ee\/eng\/uleriigilisel-kunstiolumpiaadil-i-koht\/\"},\"wordCount\":98,\"commentCount\":0,\"publisher\":{\"@id\":\"https:\/\/sydalinna.edu.ee\/#organization\"},\"image\":{\"@id\":\"https:\/\/sydalinna.edu.ee\/eng\/uleriigilisel-kunstiolumpiaadil-i-koht\/#primaryimage\"},\"thumbnailUrl\":\"https:\/\/sydalinna.edu.ee\/wp-content\/uploads\/2023\/05\/D432F478-7BE8-44F2-9CC5-CF29AAFA3AF3.jpeg\",\"articleSection\":[\"Uudised\"],\"inLanguage\":\"en-US\",\"potentialAction\":[{\"@type\":\"CommentAction\",\"name\":\"Comment\",\"target\":[\"https:\/\/sydalinna.edu.ee\/eng\/uleriigilisel-kunstiolumpiaadil-i-koht\/#respond\"]}]},{\"@type\":\"WebPage\",\"@id\":\"https:\/\/sydalinna.edu.ee\/eng\/uleriigilisel-kunstiolumpiaadil-i-koht\/\",\"url\":\"https:\/\/sydalinna.edu.ee\/eng\/uleriigilisel-kunstiolumpiaadil-i-koht\/\",\"name\":\"\u00dcleriigilisel kunstiol\u00fcmpiaadil I koht - Tallinna S\u00fcdalinna kool\",\"isPartOf\":{\"@id\":\"https:\/\/sydalinna.edu.ee\/#website\"},\"primaryImageOfPage\":{\"@id\":\"https:\/\/sydalinna.edu.ee\/eng\/uleriigilisel-kunstiolumpiaadil-i-koht\/#primaryimage\"},\"image\":{\"@id\":\"https:\/\/sydalinna.edu.ee\/eng\/uleriigilisel-kunstiolumpiaadil-i-koht\/#primaryimage\"},\"thumbnailUrl\":\"https:\/\/sydalinna.edu.ee\/wp-content\/uploads\/2023\/05\/D432F478-7BE8-44F2-9CC5-CF29AAFA3AF3.jpeg\",\"datePublished\":\"2023-05-15T05:23:39+00:00\",\"breadcrumb\":{\"@id\":\"https:\/\/sydalinna.edu.ee\/eng\/uleriigilisel-kunstiolumpiaadil-i-koht\/#breadcrumb\"},\"inLanguage\":\"en-US\",\"potentialAction\":[{\"@type\":\"ReadAction\",\"target\":[\"https:\/\/sydalinna.edu.ee\/eng\/uleriigilisel-kunstiolumpiaadil-i-koht\/\"]}]},{\"@type\":\"ImageObject\",\"inLanguage\":\"en-US\",\"@id\":\"https:\/\/sydalinna.edu.ee\/eng\/uleriigilisel-kunstiolumpiaadil-i-koht\/#primaryimage\",\"url\":\"https:\/\/sydalinna.edu.ee\/wp-content\/uploads\/2023\/05\/D432F478-7BE8-44F2-9CC5-CF29AAFA3AF3.jpeg\",\"contentUrl\":\"https:\/\/sydalinna.edu.ee\/wp-content\/uploads\/2023\/05\/D432F478-7BE8-44F2-9CC5-CF29AAFA3AF3.jpeg\",\"width\":449,\"height\":640},{\"@type\":\"BreadcrumbList\",\"@id\":\"https:\/\/sydalinna.edu.ee\/eng\/uleriigilisel-kunstiolumpiaadil-i-koht\/#breadcrumb\",\"itemListElement\":[{\"@type\":\"ListItem\",\"position\":1,\"name\":\"Avaleht\",\"item\":\"https:\/\/sydalinna.edu.ee\/\"},{\"@type\":\"ListItem\",\"position\":2,\"name\":\"\u00dcleriigilisel kunstiol\u00fcmpiaadil I koht\"}]},{\"@type\":\"WebSite\",\"@id\":\"https:\/\/sydalinna.edu.ee\/#website\",\"url\":\"https:\/\/sydalinna.edu.ee\/\",\"name\":\"Tallinna S\u00fcdalinna kool\",\"description\":\"Kodune kool kesklinna s\u00fcdames.\",\"publisher\":{\"@id\":\"https:\/\/sydalinna.edu.ee\/#organization\"},\"potentialAction\":[{\"@type\":\"SearchAction\",\"target\":{\"@type\":\"EntryPoint\",\"urlTemplate\":\"https:\/\/sydalinna.edu.ee\/?s={search_term_string}\"},\"query-input\":{\"@type\":\"PropertyValueSpecification\",\"valueRequired\":true,\"valueName\":\"search_term_string\"}}],\"inLanguage\":\"en-US\"},{\"@type\":\"Organization\",\"@id\":\"https:\/\/sydalinna.edu.ee\/#organization\",\"name\":\"Tallinna S\u00fcdalinna kool\",\"url\":\"https:\/\/sydalinna.edu.ee\/\",\"logo\":{\"@type\":\"ImageObject\",\"inLanguage\":\"en-US\",\"@id\":\"https:\/\/sydalinna.edu.ee\/#\/schema\/logo\/image\/\",\"url\":\"https:\/\/sydalinna.edu.ee\/wp-content\/uploads\/2021\/12\/g1.svg\",\"contentUrl\":\"https:\/\/sydalinna.edu.ee\/wp-content\/uploads\/2021\/12\/g1.svg\",\"width\":185,\"height\":45,\"caption\":\"Tallinna S\u00fcdalinna kool\"},\"image\":{\"@id\":\"https:\/\/sydalinna.edu.ee\/#\/schema\/logo\/image\/\"}},{\"@type\":\"Person\",\"@id\":\"https:\/\/sydalinna.edu.ee\/#\/schema\/person\/ace0bbb186cd946665450ec9c3c8fe9a\",\"name\":\"Anna-Kaisa Kollo\",\"image\":{\"@type\":\"ImageObject\",\"inLanguage\":\"en-US\",\"@id\":\"https:\/\/sydalinna.edu.ee\/#\/schema\/person\/image\/\",\"url\":\"https:\/\/secure.gravatar.com\/avatar\/871de64cdf505db75c9cba5f61f4098e5615f361e834001c91980de533ac7518?s=96&d=mm&r=g\",\"contentUrl\":\"https:\/\/secure.gravatar.com\/avatar\/871de64cdf505db75c9cba5f61f4098e5615f361e834001c91980de533ac7518?s=96&d=mm&r=g\",\"caption\":\"Anna-Kaisa Kollo\"},\"url\":\"https:\/\/sydalinna.edu.ee\/eng\/author\/kollo\/\"}]}<\/script>\n<!-- \/ Yoast SEO Premium plugin. -->","yoast_head_json":{"title":"\u00dcleriigilisel kunstiol\u00fcmpiaadil I koht - Tallinna S\u00fcdalinna kool","robots":{"index":"index","follow":"follow","max-snippet":"max-snippet:-1","max-image-preview":"max-image-preview:large","max-video-preview":"max-video-preview:-1"},"canonical":"https:\/\/sydalinna.edu.ee\/eng\/uleriigilisel-kunstiolumpiaadil-i-koht\/","og_locale":"en_US","og_type":"article","og_title":"\u00dcleriigilisel kunstiol\u00fcmpiaadil I koht","og_description":"V\u00e4ga suur r\u00f5\u00f5m ja uhkus on anda teada, et S\u00fcdalinna Kooli \u00f5pilane Eke Laur Pikkorainen 9. klassist saavutas \u00fcleriigilisel kunstiol\u00fcmpiaadil I koha. Ol\u00fcmpiaadi korraldab MT\u00dc Kunstihariduse \u00dching, ol\u00fcmpiaad toimub igal aastal. Nii piirkonna- kui ka l\u00f5ppvoor koosnevad kolmest osast: teooriak\u00fcsimustele vastamine, praktiline t\u00f6\u00f6 ja eelnevalt koduse \u00fclesandena valminud omaloominguline teos. Laup\u00e4eval 06.05.2023 toimunud \u00fcleriigilisel ol\u00fcmpiaadil...","og_url":"https:\/\/sydalinna.edu.ee\/eng\/uleriigilisel-kunstiolumpiaadil-i-koht\/","og_site_name":"Tallinna S\u00fcdalinna kool","article_published_time":"2023-05-15T05:23:39+00:00","og_image":[{"width":449,"height":640,"url":"https:\/\/sydalinna.edu.ee\/wp-content\/uploads\/2023\/05\/D432F478-7BE8-44F2-9CC5-CF29AAFA3AF3.jpeg","type":"image\/jpeg"}],"author":"Anna-Kaisa Kollo","twitter_card":"summary_large_image","twitter_misc":{"Written by":"Anna-Kaisa Kollo","Est. reading time":"1 minute"},"schema":{"@context":"https:\/\/schema.org","@graph":[{"@type":"Article","@id":"https:\/\/sydalinna.edu.ee\/eng\/uleriigilisel-kunstiolumpiaadil-i-koht\/#article","isPartOf":{"@id":"https:\/\/sydalinna.edu.ee\/eng\/uleriigilisel-kunstiolumpiaadil-i-koht\/"},"author":{"name":"Anna-Kaisa Kollo","@id":"https:\/\/sydalinna.edu.ee\/#\/schema\/person\/ace0bbb186cd946665450ec9c3c8fe9a"},"headline":"\u00dcleriigilisel kunstiol\u00fcmpiaadil I koht","datePublished":"2023-05-15T05:23:39+00:00","mainEntityOfPage":{"@id":"https:\/\/sydalinna.edu.ee\/eng\/uleriigilisel-kunstiolumpiaadil-i-koht\/"},"wordCount":98,"commentCount":0,"publisher":{"@id":"https:\/\/sydalinna.edu.ee\/#organization"},"image":{"@id":"https:\/\/sydalinna.edu.ee\/eng\/uleriigilisel-kunstiolumpiaadil-i-koht\/#primaryimage"},"thumbnailUrl":"https:\/\/sydalinna.edu.ee\/wp-content\/uploads\/2023\/05\/D432F478-7BE8-44F2-9CC5-CF29AAFA3AF3.jpeg","articleSection":["Uudised"],"inLanguage":"en-US","potentialAction":[{"@type":"CommentAction","name":"Comment","target":["https:\/\/sydalinna.edu.ee\/eng\/uleriigilisel-kunstiolumpiaadil-i-koht\/#respond"]}]},{"@type":"WebPage","@id":"https:\/\/sydalinna.edu.ee\/eng\/uleriigilisel-kunstiolumpiaadil-i-koht\/","url":"https:\/\/sydalinna.edu.ee\/eng\/uleriigilisel-kunstiolumpiaadil-i-koht\/","name":"\u00dcleriigilisel kunstiol\u00fcmpiaadil I koht - Tallinna S\u00fcdalinna kool","isPartOf":{"@id":"https:\/\/sydalinna.edu.ee\/#website"},"primaryImageOfPage":{"@id":"https:\/\/sydalinna.edu.ee\/eng\/uleriigilisel-kunstiolumpiaadil-i-koht\/#primaryimage"},"image":{"@id":"https:\/\/sydalinna.edu.ee\/eng\/uleriigilisel-kunstiolumpiaadil-i-koht\/#primaryimage"},"thumbnailUrl":"https:\/\/sydalinna.edu.ee\/wp-content\/uploads\/2023\/05\/D432F478-7BE8-44F2-9CC5-CF29AAFA3AF3.jpeg","datePublished":"2023-05-15T05:23:39+00:00","breadcrumb":{"@id":"https:\/\/sydalinna.edu.ee\/eng\/uleriigilisel-kunstiolumpiaadil-i-koht\/#breadcrumb"},"inLanguage":"en-US","potentialAction":[{"@type":"ReadAction","target":["https:\/\/sydalinna.edu.ee\/eng\/uleriigilisel-kunstiolumpiaadil-i-koht\/"]}]},{"@type":"ImageObject","inLanguage":"en-US","@id":"https:\/\/sydalinna.edu.ee\/eng\/uleriigilisel-kunstiolumpiaadil-i-koht\/#primaryimage","url":"https:\/\/sydalinna.edu.ee\/wp-content\/uploads\/2023\/05\/D432F478-7BE8-44F2-9CC5-CF29AAFA3AF3.jpeg","contentUrl":"https:\/\/sydalinna.edu.ee\/wp-content\/uploads\/2023\/05\/D432F478-7BE8-44F2-9CC5-CF29AAFA3AF3.jpeg","width":449,"height":640},{"@type":"BreadcrumbList","@id":"https:\/\/sydalinna.edu.ee\/eng\/uleriigilisel-kunstiolumpiaadil-i-koht\/#breadcrumb","itemListElement":[{"@type":"ListItem","position":1,"name":"Avaleht","item":"https:\/\/sydalinna.edu.ee\/"},{"@type":"ListItem","position":2,"name":"\u00dcleriigilisel kunstiol\u00fcmpiaadil I koht"}]},{"@type":"WebSite","@id":"https:\/\/sydalinna.edu.ee\/#website","url":"https:\/\/sydalinna.edu.ee\/","name":"Tallinna S\u00fcdalinna kool","description":"Kodune kool kesklinna s\u00fcdames.","publisher":{"@id":"https:\/\/sydalinna.edu.ee\/#organization"},"potentialAction":[{"@type":"SearchAction","target":{"@type":"EntryPoint","urlTemplate":"https:\/\/sydalinna.edu.ee\/?s={search_term_string}"},"query-input":{"@type":"PropertyValueSpecification","valueRequired":true,"valueName":"search_term_string"}}],"inLanguage":"en-US"},{"@type":"Organization","@id":"https:\/\/sydalinna.edu.ee\/#organization","name":"Tallinna S\u00fcdalinna kool","url":"https:\/\/sydalinna.edu.ee\/","logo":{"@type":"ImageObject","inLanguage":"en-US","@id":"https:\/\/sydalinna.edu.ee\/#\/schema\/logo\/image\/","url":"https:\/\/sydalinna.edu.ee\/wp-content\/uploads\/2021\/12\/g1.svg","contentUrl":"https:\/\/sydalinna.edu.ee\/wp-content\/uploads\/2021\/12\/g1.svg","width":185,"height":45,"caption":"Tallinna S\u00fcdalinna kool"},"image":{"@id":"https:\/\/sydalinna.edu.ee\/#\/schema\/logo\/image\/"}},{"@type":"Person","@id":"https:\/\/sydalinna.edu.ee\/#\/schema\/person\/ace0bbb186cd946665450ec9c3c8fe9a","name":"Anna-Kaisa Kollo","image":{"@type":"ImageObject","inLanguage":"en-US","@id":"https:\/\/sydalinna.edu.ee\/#\/schema\/person\/image\/","url":"https:\/\/secure.gravatar.com\/avatar\/871de64cdf505db75c9cba5f61f4098e5615f361e834001c91980de533ac7518?s=96&d=mm&r=g","contentUrl":"https:\/\/secure.gravatar.com\/avatar\/871de64cdf505db75c9cba5f61f4098e5615f361e834001c91980de533ac7518?s=96&d=mm&r=g","caption":"Anna-Kaisa Kollo"},"url":"https:\/\/sydalinna.edu.ee\/eng\/author\/kollo\/"}]}},"_links":{"self":[{"href":"https:\/\/sydalinna.edu.ee\/eng\/wp-json\/wp\/v2\/posts\/6175","targetHints":{"allow":["GET"]}}],"collection":[{"href":"https:\/\/sydalinna.edu.ee\/eng\/wp-json\/wp\/v2\/posts"}],"about":[{"href":"https:\/\/sydalinna.edu.ee\/eng\/wp-json\/wp\/v2\/types\/post"}],"author":[{"embeddable":true,"href":"https:\/\/sydalinna.edu.ee\/eng\/wp-json\/wp\/v2\/users\/10"}],"replies":[{"embeddable":true,"href":"https:\/\/sydalinna.edu.ee\/eng\/wp-json\/wp\/v2\/comments?post=6175"}],"version-history":[{"count":3,"href":"https:\/\/sydalinna.edu.ee\/eng\/wp-json\/wp\/v2\/posts\/6175\/revisions"}],"predecessor-version":[{"id":6178,"href":"https:\/\/sydalinna.edu.ee\/eng\/wp-json\/wp\/v2\/posts\/6175\/revisions\/6178"}],"wp:featuredmedia":[{"embeddable":true,"href":"https:\/\/sydalinna.edu.ee\/eng\/wp-json\/wp\/v2\/media\/6173"}],"wp:attachment":[{"href":"https:\/\/sydalinna.edu.ee\/eng\/wp-json\/wp\/v2\/media?parent=6175"}],"wp:term":[{"taxonomy":"category","embeddable":true,"href":"https:\/\/sydalinna.edu.ee\/eng\/wp-json\/wp\/v2\/categories?post=6175"},{"taxonomy":"post_tag","embeddable":true,"href":"https:\/\/sydalinna.edu.ee\/eng\/wp-json\/wp\/v2\/tags?post=6175"}],"curies":[{"name":"wp","href":"https:\/\/api.w.org\/{rel}","templated":true}]}}