{"id":5269,"date":"2022-09-21T12:24:14","date_gmt":"2022-09-21T12:24:14","guid":{"rendered":"https:\/\/sydalinna-edu-ee.vserver.zonevs.eu\/?p=5269"},"modified":"2022-10-31T12:05:55","modified_gmt":"2022-10-31T12:05:55","slug":"avatud-koolisooklate-nadal-03-10-07-10-2022","status":"publish","type":"post","link":"https:\/\/sydalinna.edu.ee\/eng\/avatud-koolisooklate-nadal-03-10-07-10-2022\/","title":{"rendered":"Keskkonnakuu"},"content":{"rendered":"<p>Novembris on Daily koolis\u00f6\u00f6klates&nbsp;<strong>Keskkonnakuu.<\/strong><\/p>\n\n\n\n<p>Keskkonnakuul keskendume toidu raiskamise v\u00e4hendamisele.<\/p>\n\n\n\n<p>Keskkonnakuu raames toimuvad koolides j\u00e4rgmised tegevused:<\/p>\n\n\n\n<p><strong>Videoloengud<\/strong><\/p>\n\n\n\n<p>Olete oodatud osalema videoloengutes. Loengud toimuvad Teamsis. Loengut saate vaadata n\u00e4iteks terve klassiga koos.&nbsp;Palume teil loengutele eelnevalt registreerida&nbsp;<a href=\"https:\/\/forms.office.com\/pages\/responsepage.aspx?id=uZnZYAtye0y0SZkQAjplVt1ujBouYuVJrzNukV-YljhUMjNEUktXNE9RM1RFUDFIRDBDV0tGN0pYNi4u&amp;web=1&amp;wdLOR=cEFB26E6B-3A7C-4D1E-A57C-726B44B26142\" target=\"_blank\" rel=\"noreferrer noopener\">siin<\/a><\/p>\n\n\n\n<p>10.11 kell 10.00&nbsp;&nbsp; Karin Kanam\u00e4e Taimne Teisip\u00e4ev \u201eToidu m\u00f5ju keskkonnale ja tervisele\u201c&nbsp; loeng on m\u00f5eldud 5-8 klass<\/p>\n\n\n\n<p>15.11 kell 10.00&nbsp;&nbsp; Evelin Piirsalu SEI Tallinn \u201eToit ja keskkond.\u201c loeng on m\u00f5eldud 5-8 klass<\/p>\n\n\n\n<p>17.11 kell 14.00&nbsp;&nbsp; Tagli Pitsi TAI&nbsp; \u201eKuidas ja kus kasvab tervislik toit, miks on ka keskkonnale parem kohalik toit, mahetoit\u201c&nbsp; 4-7 klass<\/p>\n\n\n\n<p>23.11 kell 10:00&nbsp;&nbsp; Marilin Eessalu Eesti Roheline Liikumine &#8220;Miks ja kuidas v\u00e4hem toitu raisata?&#8221; loeng on m\u00f5eldud 8-11 klass&nbsp;<\/p>\n\n\n\n<p>24.11 kell 10.00&nbsp;&nbsp; Elen Peetsmann Mahekeskus&nbsp; \u201eMiks eelistada mahetoitu?!\u201c. 6-11 klass<\/p>\n\n\n\n<p><strong>Konkurss Tuleviku Koolitoit<\/strong><\/p>\n\n\n\n<p>Mida s\u00f6\u00f6me tulevikukoolis?<\/p>\n\n\n\n<p>Pange pead kokku ja tulge appi!<\/p>\n\n\n\n<p>Kutsu oma s\u00f5brad kaasa ja aidake meil leida vastus k\u00fcsimusele, milline v\u00f5iks olla koolitoit aastal 2030.<\/p>\n\n\n\n<p>Mis retseptid ja toidud men\u00fc\u00fcsse lisaksite? Mida v\u00f5iks praeguse koolil\u00f5una juures parandada?<\/p>\n\n\n\n<p>Kus ja kuidas kooli l\u00f5unavahetunnid \u00fcldse toimuma hakkavad? V\u00f5imalusi on palju, m\u00f5elge koos, mis on parim!<\/p>\n\n\n\n<p>Lisage kuni 2-minutiline videoklipp oma ideest (vajadusel \u00f5petaja abiga)&nbsp;<a href=\"http:\/\/facebook.com\/tulevikukoolitoit\" target=\"_blank\" rel=\"noreferrer noopener\">facebook.com\/tulevikukoolitoit<\/a><\/p>\n\n\n\n<p>v\u00f5i saatke video link aadressile&nbsp;<a href=\"mailto:konkurss@daily.ee\" target=\"_blank\" rel=\"noreferrer noopener\">konkurss@daily.ee<\/a>, 25. novembrini. Osaleda v\u00f5ivad k\u00f5ik koolid, 1.-12. klassini, klassi kaupa v\u00f5i ka \u00fcksi. Novembri l\u00f5puks enim h\u00e4\u00e4li kogunud idee v\u00f5idab!<\/p>\n\n\n\n<p>DAILY koolis\u00f6\u00f6klad v\u00f5tavad k\u00f5iki teie ideid arvesse ja PROTO AVASTUSTEHAS kutsub enim h\u00e4\u00e4li saanud v\u00f5istlust\u00f6\u00f6 autoriks olnud klassi Avastustehasesse k\u00fclla!&nbsp; Auhind kehtib tervele klassile.<\/p>\n\n\n\n<p><strong>V\u00e4hendame koos toidu raiskamist<\/strong><\/p>\n\n\n\n<p>Igal aastal visatakse koolis\u00f6\u00f6klates kokku \u00e4ra hinnanguliselt 1000 tonni toitu ehk 50 autokoormat\u00e4it valmistoitu, mis l\u00e4heb kahjuks raisku.<\/p>\n\n\n\n<p><strong>14.11-18.11<\/strong>&nbsp;Toiduj\u00e4\u00e4tmete kaalumine koolides<\/p>\n\n\n\n<p>Kaalume k\u00f5ikides koolides iga p\u00e4ev kui palju toitu \u00e4ra visatakse. Selgitame koolide vahel v\u00e4lja millises koolis raisatakse k\u00f5ige v\u00e4hem toitu.<\/p>\n\n\n\n<p>Iga p\u00e4ev kirjutame kooli s\u00f6\u00f6klas olevale plakatile kui palju toitu kilodes visati \u00e4ra terves koolis ja kui palju \u00fche \u00f5pilase kohta. Loodame, et l\u00e4bi selle paneme \u00f5pilased m\u00f5tlema toiduraiskamise peale. Me k\u00f5ik saame anda oma panuse, et v\u00e4hendada toidu raiskamist.<\/p>\n\n\n\n<p>Hea meel, et eelmisel aastal v\u00e4henes kampaania ajal \u00f5pilaste taldrikutelt \u00e4ra visatava toidu osakaal 20%.<\/p>","protected":false},"excerpt":{"rendered":"<p>Novembris on Daily koolis\u00f6\u00f6klates&nbsp;Keskkonnakuu. Keskkonnakuul keskendume toidu raiskamise v\u00e4hendamisele. Keskkonnakuu raames toimuvad koolides j\u00e4rgmised tegevused: Videoloengud Olete oodatud osalema videoloengutes. Loengud toimuvad Teamsis. Loengut saate vaadata n\u00e4iteks terve klassiga koos.&nbsp;Palume teil loengutele eelnevalt registreerida&nbsp;siin 10.11 kell 10.00&nbsp;&nbsp; Karin Kanam\u00e4e Taimne Teisip\u00e4ev \u201eToidu m\u00f5ju keskkonnale ja tervisele\u201c&nbsp; loeng on m\u00f5eldud 5-8 klass 15.11 kell 10.00&nbsp;&nbsp; Evelin&#8230;<\/p>","protected":false},"author":8,"featured_media":5271,"comment_status":"open","ping_status":"open","sticky":false,"template":"","format":"standard","meta":{"_kad_post_transparent":"","_kad_post_title":"","_kad_post_layout":"","_kad_post_sidebar_id":"","_kad_post_content_style":"","_kad_post_vertical_padding":"","_kad_post_feature":"","_kad_post_feature_position":"","_kad_post_header":false,"_kad_post_footer":false,"_kad_post_classname":"","footnotes":""},"categories":[1],"tags":[],"class_list":["post-5269","post","type-post","status-publish","format-standard","has-post-thumbnail","hentry","category-uldine"],"yoast_head":"<!-- This site is optimized with the Yoast SEO Premium plugin v20.11 (Yoast SEO v26.6) - https:\/\/yoast.com\/wordpress\/plugins\/seo\/ -->\n<title>Keskkonnakuu - Tallinna S\u00fcdalinna kool<\/title>\n<meta name=\"robots\" content=\"index, follow, max-snippet:-1, max-image-preview:large, max-video-preview:-1\" \/>\n<link rel=\"canonical\" href=\"https:\/\/sydalinna.edu.ee\/eng\/avatud-koolisooklate-nadal-03-10-07-10-2022\/\" \/>\n<meta property=\"og:locale\" content=\"en_US\" \/>\n<meta property=\"og:type\" content=\"article\" \/>\n<meta property=\"og:title\" content=\"Keskkonnakuu\" \/>\n<meta property=\"og:description\" content=\"Novembris on Daily koolis\u00f6\u00f6klates&nbsp;Keskkonnakuu. Keskkonnakuul keskendume toidu raiskamise v\u00e4hendamisele. Keskkonnakuu raames toimuvad koolides j\u00e4rgmised tegevused: Videoloengud Olete oodatud osalema videoloengutes. Loengud toimuvad Teamsis. Loengut saate vaadata n\u00e4iteks terve klassiga koos.&nbsp;Palume teil loengutele eelnevalt registreerida&nbsp;siin 10.11 kell 10.00&nbsp;&nbsp; Karin Kanam\u00e4e Taimne Teisip\u00e4ev \u201eToidu m\u00f5ju keskkonnale ja tervisele\u201c&nbsp; loeng on m\u00f5eldud 5-8 klass 15.11 kell 10.00&nbsp;&nbsp; Evelin...\" \/>\n<meta property=\"og:url\" content=\"https:\/\/sydalinna.edu.ee\/eng\/avatud-koolisooklate-nadal-03-10-07-10-2022\/\" \/>\n<meta property=\"og:site_name\" content=\"Tallinna S\u00fcdalinna kool\" \/>\n<meta property=\"article:published_time\" content=\"2022-09-21T12:24:14+00:00\" \/>\n<meta property=\"article:modified_time\" content=\"2022-10-31T12:05:55+00:00\" \/>\n<meta property=\"og:image\" content=\"https:\/\/sydalinna.edu.ee\/wp-content\/uploads\/2022\/09\/daily.png\" \/>\n\t<meta property=\"og:image:width\" content=\"611\" \/>\n\t<meta property=\"og:image:height\" content=\"488\" \/>\n\t<meta property=\"og:image:type\" content=\"image\/png\" \/>\n<meta name=\"author\" content=\"Jaanus Paasoja\" \/>\n<meta name=\"twitter:card\" content=\"summary_large_image\" \/>\n<meta name=\"twitter:label1\" content=\"Written by\" \/>\n\t<meta name=\"twitter:data1\" content=\"Jaanus Paasoja\" \/>\n\t<meta name=\"twitter:label2\" content=\"Est. reading time\" \/>\n\t<meta name=\"twitter:data2\" content=\"2 minutes\" \/>\n<script type=\"application\/ld+json\" class=\"yoast-schema-graph\">{\"@context\":\"https:\/\/schema.org\",\"@graph\":[{\"@type\":\"Article\",\"@id\":\"https:\/\/sydalinna.edu.ee\/eng\/avatud-koolisooklate-nadal-03-10-07-10-2022\/#article\",\"isPartOf\":{\"@id\":\"https:\/\/sydalinna.edu.ee\/eng\/avatud-koolisooklate-nadal-03-10-07-10-2022\/\"},\"author\":{\"name\":\"Jaanus Paasoja\",\"@id\":\"https:\/\/sydalinna.edu.ee\/#\/schema\/person\/c030301812832f06765537f8eec6b909\"},\"headline\":\"Keskkonnakuu\",\"datePublished\":\"2022-09-21T12:24:14+00:00\",\"dateModified\":\"2022-10-31T12:05:55+00:00\",\"mainEntityOfPage\":{\"@id\":\"https:\/\/sydalinna.edu.ee\/eng\/avatud-koolisooklate-nadal-03-10-07-10-2022\/\"},\"wordCount\":401,\"commentCount\":0,\"publisher\":{\"@id\":\"https:\/\/sydalinna.edu.ee\/#organization\"},\"image\":{\"@id\":\"https:\/\/sydalinna.edu.ee\/eng\/avatud-koolisooklate-nadal-03-10-07-10-2022\/#primaryimage\"},\"thumbnailUrl\":\"https:\/\/sydalinna.edu.ee\/wp-content\/uploads\/2022\/09\/daily.png\",\"articleSection\":[\"\u00dcldine\"],\"inLanguage\":\"en-US\",\"potentialAction\":[{\"@type\":\"CommentAction\",\"name\":\"Comment\",\"target\":[\"https:\/\/sydalinna.edu.ee\/eng\/avatud-koolisooklate-nadal-03-10-07-10-2022\/#respond\"]}]},{\"@type\":\"WebPage\",\"@id\":\"https:\/\/sydalinna.edu.ee\/eng\/avatud-koolisooklate-nadal-03-10-07-10-2022\/\",\"url\":\"https:\/\/sydalinna.edu.ee\/eng\/avatud-koolisooklate-nadal-03-10-07-10-2022\/\",\"name\":\"Keskkonnakuu - Tallinna S\u00fcdalinna kool\",\"isPartOf\":{\"@id\":\"https:\/\/sydalinna.edu.ee\/#website\"},\"primaryImageOfPage\":{\"@id\":\"https:\/\/sydalinna.edu.ee\/eng\/avatud-koolisooklate-nadal-03-10-07-10-2022\/#primaryimage\"},\"image\":{\"@id\":\"https:\/\/sydalinna.edu.ee\/eng\/avatud-koolisooklate-nadal-03-10-07-10-2022\/#primaryimage\"},\"thumbnailUrl\":\"https:\/\/sydalinna.edu.ee\/wp-content\/uploads\/2022\/09\/daily.png\",\"datePublished\":\"2022-09-21T12:24:14+00:00\",\"dateModified\":\"2022-10-31T12:05:55+00:00\",\"breadcrumb\":{\"@id\":\"https:\/\/sydalinna.edu.ee\/eng\/avatud-koolisooklate-nadal-03-10-07-10-2022\/#breadcrumb\"},\"inLanguage\":\"en-US\",\"potentialAction\":[{\"@type\":\"ReadAction\",\"target\":[\"https:\/\/sydalinna.edu.ee\/eng\/avatud-koolisooklate-nadal-03-10-07-10-2022\/\"]}]},{\"@type\":\"ImageObject\",\"inLanguage\":\"en-US\",\"@id\":\"https:\/\/sydalinna.edu.ee\/eng\/avatud-koolisooklate-nadal-03-10-07-10-2022\/#primaryimage\",\"url\":\"https:\/\/sydalinna.edu.ee\/wp-content\/uploads\/2022\/09\/daily.png\",\"contentUrl\":\"https:\/\/sydalinna.edu.ee\/wp-content\/uploads\/2022\/09\/daily.png\",\"width\":611,\"height\":488},{\"@type\":\"BreadcrumbList\",\"@id\":\"https:\/\/sydalinna.edu.ee\/eng\/avatud-koolisooklate-nadal-03-10-07-10-2022\/#breadcrumb\",\"itemListElement\":[{\"@type\":\"ListItem\",\"position\":1,\"name\":\"Avaleht\",\"item\":\"https:\/\/sydalinna.edu.ee\/\"},{\"@type\":\"ListItem\",\"position\":2,\"name\":\"Keskkonnakuu\"}]},{\"@type\":\"WebSite\",\"@id\":\"https:\/\/sydalinna.edu.ee\/#website\",\"url\":\"https:\/\/sydalinna.edu.ee\/\",\"name\":\"Tallinna S\u00fcdalinna kool\",\"description\":\"Kodune kool kesklinna s\u00fcdames.\",\"publisher\":{\"@id\":\"https:\/\/sydalinna.edu.ee\/#organization\"},\"potentialAction\":[{\"@type\":\"SearchAction\",\"target\":{\"@type\":\"EntryPoint\",\"urlTemplate\":\"https:\/\/sydalinna.edu.ee\/?s={search_term_string}\"},\"query-input\":{\"@type\":\"PropertyValueSpecification\",\"valueRequired\":true,\"valueName\":\"search_term_string\"}}],\"inLanguage\":\"en-US\"},{\"@type\":\"Organization\",\"@id\":\"https:\/\/sydalinna.edu.ee\/#organization\",\"name\":\"Tallinna S\u00fcdalinna kool\",\"url\":\"https:\/\/sydalinna.edu.ee\/\",\"logo\":{\"@type\":\"ImageObject\",\"inLanguage\":\"en-US\",\"@id\":\"https:\/\/sydalinna.edu.ee\/#\/schema\/logo\/image\/\",\"url\":\"https:\/\/sydalinna.edu.ee\/wp-content\/uploads\/2021\/12\/g1.svg\",\"contentUrl\":\"https:\/\/sydalinna.edu.ee\/wp-content\/uploads\/2021\/12\/g1.svg\",\"width\":185,\"height\":45,\"caption\":\"Tallinna S\u00fcdalinna kool\"},\"image\":{\"@id\":\"https:\/\/sydalinna.edu.ee\/#\/schema\/logo\/image\/\"}},{\"@type\":\"Person\",\"@id\":\"https:\/\/sydalinna.edu.ee\/#\/schema\/person\/c030301812832f06765537f8eec6b909\",\"name\":\"Jaanus Paasoja\",\"image\":{\"@type\":\"ImageObject\",\"inLanguage\":\"en-US\",\"@id\":\"https:\/\/sydalinna.edu.ee\/#\/schema\/person\/image\/\",\"url\":\"https:\/\/secure.gravatar.com\/avatar\/c4926e7188797473e19850f48605b2d0648628a77ff621d3bd559e6e3c3b43e1?s=96&d=mm&r=g\",\"contentUrl\":\"https:\/\/secure.gravatar.com\/avatar\/c4926e7188797473e19850f48605b2d0648628a77ff621d3bd559e6e3c3b43e1?s=96&d=mm&r=g\",\"caption\":\"Jaanus Paasoja\"},\"url\":\"https:\/\/sydalinna.edu.ee\/eng\/author\/jaanusp\/\"}]}<\/script>\n<!-- \/ Yoast SEO Premium plugin. -->","yoast_head_json":{"title":"Keskkonnakuu - Tallinna S\u00fcdalinna kool","robots":{"index":"index","follow":"follow","max-snippet":"max-snippet:-1","max-image-preview":"max-image-preview:large","max-video-preview":"max-video-preview:-1"},"canonical":"https:\/\/sydalinna.edu.ee\/eng\/avatud-koolisooklate-nadal-03-10-07-10-2022\/","og_locale":"en_US","og_type":"article","og_title":"Keskkonnakuu","og_description":"Novembris on Daily koolis\u00f6\u00f6klates&nbsp;Keskkonnakuu. Keskkonnakuul keskendume toidu raiskamise v\u00e4hendamisele. Keskkonnakuu raames toimuvad koolides j\u00e4rgmised tegevused: Videoloengud Olete oodatud osalema videoloengutes. Loengud toimuvad Teamsis. Loengut saate vaadata n\u00e4iteks terve klassiga koos.&nbsp;Palume teil loengutele eelnevalt registreerida&nbsp;siin 10.11 kell 10.00&nbsp;&nbsp; Karin Kanam\u00e4e Taimne Teisip\u00e4ev \u201eToidu m\u00f5ju keskkonnale ja tervisele\u201c&nbsp; loeng on m\u00f5eldud 5-8 klass 15.11 kell 10.00&nbsp;&nbsp; Evelin...","og_url":"https:\/\/sydalinna.edu.ee\/eng\/avatud-koolisooklate-nadal-03-10-07-10-2022\/","og_site_name":"Tallinna S\u00fcdalinna kool","article_published_time":"2022-09-21T12:24:14+00:00","article_modified_time":"2022-10-31T12:05:55+00:00","og_image":[{"width":611,"height":488,"url":"https:\/\/sydalinna.edu.ee\/wp-content\/uploads\/2022\/09\/daily.png","type":"image\/png"}],"author":"Jaanus Paasoja","twitter_card":"summary_large_image","twitter_misc":{"Written by":"Jaanus Paasoja","Est. reading time":"2 minutes"},"schema":{"@context":"https:\/\/schema.org","@graph":[{"@type":"Article","@id":"https:\/\/sydalinna.edu.ee\/eng\/avatud-koolisooklate-nadal-03-10-07-10-2022\/#article","isPartOf":{"@id":"https:\/\/sydalinna.edu.ee\/eng\/avatud-koolisooklate-nadal-03-10-07-10-2022\/"},"author":{"name":"Jaanus Paasoja","@id":"https:\/\/sydalinna.edu.ee\/#\/schema\/person\/c030301812832f06765537f8eec6b909"},"headline":"Keskkonnakuu","datePublished":"2022-09-21T12:24:14+00:00","dateModified":"2022-10-31T12:05:55+00:00","mainEntityOfPage":{"@id":"https:\/\/sydalinna.edu.ee\/eng\/avatud-koolisooklate-nadal-03-10-07-10-2022\/"},"wordCount":401,"commentCount":0,"publisher":{"@id":"https:\/\/sydalinna.edu.ee\/#organization"},"image":{"@id":"https:\/\/sydalinna.edu.ee\/eng\/avatud-koolisooklate-nadal-03-10-07-10-2022\/#primaryimage"},"thumbnailUrl":"https:\/\/sydalinna.edu.ee\/wp-content\/uploads\/2022\/09\/daily.png","articleSection":["\u00dcldine"],"inLanguage":"en-US","potentialAction":[{"@type":"CommentAction","name":"Comment","target":["https:\/\/sydalinna.edu.ee\/eng\/avatud-koolisooklate-nadal-03-10-07-10-2022\/#respond"]}]},{"@type":"WebPage","@id":"https:\/\/sydalinna.edu.ee\/eng\/avatud-koolisooklate-nadal-03-10-07-10-2022\/","url":"https:\/\/sydalinna.edu.ee\/eng\/avatud-koolisooklate-nadal-03-10-07-10-2022\/","name":"Keskkonnakuu - Tallinna S\u00fcdalinna kool","isPartOf":{"@id":"https:\/\/sydalinna.edu.ee\/#website"},"primaryImageOfPage":{"@id":"https:\/\/sydalinna.edu.ee\/eng\/avatud-koolisooklate-nadal-03-10-07-10-2022\/#primaryimage"},"image":{"@id":"https:\/\/sydalinna.edu.ee\/eng\/avatud-koolisooklate-nadal-03-10-07-10-2022\/#primaryimage"},"thumbnailUrl":"https:\/\/sydalinna.edu.ee\/wp-content\/uploads\/2022\/09\/daily.png","datePublished":"2022-09-21T12:24:14+00:00","dateModified":"2022-10-31T12:05:55+00:00","breadcrumb":{"@id":"https:\/\/sydalinna.edu.ee\/eng\/avatud-koolisooklate-nadal-03-10-07-10-2022\/#breadcrumb"},"inLanguage":"en-US","potentialAction":[{"@type":"ReadAction","target":["https:\/\/sydalinna.edu.ee\/eng\/avatud-koolisooklate-nadal-03-10-07-10-2022\/"]}]},{"@type":"ImageObject","inLanguage":"en-US","@id":"https:\/\/sydalinna.edu.ee\/eng\/avatud-koolisooklate-nadal-03-10-07-10-2022\/#primaryimage","url":"https:\/\/sydalinna.edu.ee\/wp-content\/uploads\/2022\/09\/daily.png","contentUrl":"https:\/\/sydalinna.edu.ee\/wp-content\/uploads\/2022\/09\/daily.png","width":611,"height":488},{"@type":"BreadcrumbList","@id":"https:\/\/sydalinna.edu.ee\/eng\/avatud-koolisooklate-nadal-03-10-07-10-2022\/#breadcrumb","itemListElement":[{"@type":"ListItem","position":1,"name":"Avaleht","item":"https:\/\/sydalinna.edu.ee\/"},{"@type":"ListItem","position":2,"name":"Keskkonnakuu"}]},{"@type":"WebSite","@id":"https:\/\/sydalinna.edu.ee\/#website","url":"https:\/\/sydalinna.edu.ee\/","name":"Tallinna S\u00fcdalinna kool","description":"Kodune kool kesklinna s\u00fcdames.","publisher":{"@id":"https:\/\/sydalinna.edu.ee\/#organization"},"potentialAction":[{"@type":"SearchAction","target":{"@type":"EntryPoint","urlTemplate":"https:\/\/sydalinna.edu.ee\/?s={search_term_string}"},"query-input":{"@type":"PropertyValueSpecification","valueRequired":true,"valueName":"search_term_string"}}],"inLanguage":"en-US"},{"@type":"Organization","@id":"https:\/\/sydalinna.edu.ee\/#organization","name":"Tallinna S\u00fcdalinna kool","url":"https:\/\/sydalinna.edu.ee\/","logo":{"@type":"ImageObject","inLanguage":"en-US","@id":"https:\/\/sydalinna.edu.ee\/#\/schema\/logo\/image\/","url":"https:\/\/sydalinna.edu.ee\/wp-content\/uploads\/2021\/12\/g1.svg","contentUrl":"https:\/\/sydalinna.edu.ee\/wp-content\/uploads\/2021\/12\/g1.svg","width":185,"height":45,"caption":"Tallinna S\u00fcdalinna kool"},"image":{"@id":"https:\/\/sydalinna.edu.ee\/#\/schema\/logo\/image\/"}},{"@type":"Person","@id":"https:\/\/sydalinna.edu.ee\/#\/schema\/person\/c030301812832f06765537f8eec6b909","name":"Jaanus Paasoja","image":{"@type":"ImageObject","inLanguage":"en-US","@id":"https:\/\/sydalinna.edu.ee\/#\/schema\/person\/image\/","url":"https:\/\/secure.gravatar.com\/avatar\/c4926e7188797473e19850f48605b2d0648628a77ff621d3bd559e6e3c3b43e1?s=96&d=mm&r=g","contentUrl":"https:\/\/secure.gravatar.com\/avatar\/c4926e7188797473e19850f48605b2d0648628a77ff621d3bd559e6e3c3b43e1?s=96&d=mm&r=g","caption":"Jaanus Paasoja"},"url":"https:\/\/sydalinna.edu.ee\/eng\/author\/jaanusp\/"}]}},"_links":{"self":[{"href":"https:\/\/sydalinna.edu.ee\/eng\/wp-json\/wp\/v2\/posts\/5269","targetHints":{"allow":["GET"]}}],"collection":[{"href":"https:\/\/sydalinna.edu.ee\/eng\/wp-json\/wp\/v2\/posts"}],"about":[{"href":"https:\/\/sydalinna.edu.ee\/eng\/wp-json\/wp\/v2\/types\/post"}],"author":[{"embeddable":true,"href":"https:\/\/sydalinna.edu.ee\/eng\/wp-json\/wp\/v2\/users\/8"}],"replies":[{"embeddable":true,"href":"https:\/\/sydalinna.edu.ee\/eng\/wp-json\/wp\/v2\/comments?post=5269"}],"version-history":[{"count":4,"href":"https:\/\/sydalinna.edu.ee\/eng\/wp-json\/wp\/v2\/posts\/5269\/revisions"}],"predecessor-version":[{"id":5332,"href":"https:\/\/sydalinna.edu.ee\/eng\/wp-json\/wp\/v2\/posts\/5269\/revisions\/5332"}],"wp:featuredmedia":[{"embeddable":true,"href":"https:\/\/sydalinna.edu.ee\/eng\/wp-json\/wp\/v2\/media\/5271"}],"wp:attachment":[{"href":"https:\/\/sydalinna.edu.ee\/eng\/wp-json\/wp\/v2\/media?parent=5269"}],"wp:term":[{"taxonomy":"category","embeddable":true,"href":"https:\/\/sydalinna.edu.ee\/eng\/wp-json\/wp\/v2\/categories?post=5269"},{"taxonomy":"post_tag","embeddable":true,"href":"https:\/\/sydalinna.edu.ee\/eng\/wp-json\/wp\/v2\/tags?post=5269"}],"curies":[{"name":"wp","href":"https:\/\/api.w.org\/{rel}","templated":true}]}}