{"id":355,"date":"2021-12-27T09:05:00","date_gmt":"2021-12-27T09:05:00","guid":{"rendered":"https:\/\/demosoledad.pencidesign.net\/soledad-massage-multipurpose\/12-types-of-massage-which-one-is-right-for-you-your-health-c-c-c-c-c-c-c-c-c-c-c\/"},"modified":"2022-03-23T12:40:17","modified_gmt":"2022-03-23T12:40:17","slug":"parim-personaliprojekt-haridusasutuses-2021","status":"publish","type":"post","link":"https:\/\/sydalinna.edu.ee\/eng\/parim-personaliprojekt-haridusasutuses-2021\/","title":{"rendered":"Parim personaliprojekt haridusasutuses 2021"},"content":{"rendered":"<p>Meil on uhke tunne teatada, et Tallinna Haridusamet tunnustas eelmisel n\u00e4dalal Tallinna S\u00fcdalinna Kooli ja andis \u00fcle t\u00e4nukirja&nbsp;<strong>&#8220;Parim personaliprojekt haridusasutustes 2021&#8221;<\/strong>.<strong>Projektiga &#8220;Digimentorite s\u00fcsteem Tallinna S\u00fcdalinna Koolis&#8221;<\/strong>&nbsp;alustasime kevadel 2020. Projekti tegevustest on saanud n\u00fc\u00fcdseks meie kooli igap\u00e4evaelu osa ja digimentorid tegutsevad j\u00e4tkuvalt ka talvel 2021.Projekti &#8220;Digimentorite s\u00fcsteem&#8221; eesm\u00e4rgid:<\/p>\n\n\n\n<ul class=\"wp-block-list\"><li>On kasvanud iga t\u00f6\u00f6taja digip\u00e4devused ja iga \u00f5petaja on valmis arendama \u00f5pilaste digip\u00e4devusi ainetundides, sest \u00f5pilaste personaalne \u00f5pirada saab alguse \u00f5petaja valmisolekust ja digip\u00e4devustest.<\/li><\/ul>\n\n\n\n<ul class=\"wp-block-list\"><li>(Veebi)tunnid on \u00f5pilast kaasavad, aktiviseerivad ja mitmek\u00fclgsed.<\/li><\/ul>\n\n\n\n<ul class=\"wp-block-list\"><li>\u00d5petajad saavad olla eestvedajad ja (digi)mentorid ning loodame arendada\/kasvatada enda organisatsiooni seest uusi haridustehnolooge.<\/li><\/ul>\n\n\n\n<p>Projekti tegevustele aitasid kaasa SEB pank, Fontes, TL\u00dc, HARNO.<\/p>","protected":false},"excerpt":{"rendered":"<p>Meil on uhke tunne teatada, et Tallinna Haridusamet tunnustas eelmisel n\u00e4dalal Tallinna S\u00fcdalinna Kooli ja andis \u00fcle t\u00e4nukirja&nbsp;&#8220;Parim personaliprojekt haridusasutustes 2021&#8221;.Projektiga &#8220;Digimentorite s\u00fcsteem Tallinna S\u00fcdalinna Koolis&#8221;&nbsp;alustasime kevadel 2020. Projekti tegevustest on saanud n\u00fc\u00fcdseks meie kooli igap\u00e4evaelu osa ja digimentorid tegutsevad j\u00e4tkuvalt ka talvel 2021.Projekti &#8220;Digimentorite s\u00fcsteem&#8221; eesm\u00e4rgid: On kasvanud iga t\u00f6\u00f6taja digip\u00e4devused ja iga \u00f5petaja&#8230;<\/p>","protected":false},"author":8,"featured_media":480,"comment_status":"open","ping_status":"open","sticky":false,"template":"","format":"standard","meta":{"_kad_post_transparent":"","_kad_post_title":"","_kad_post_layout":"","_kad_post_sidebar_id":"","_kad_post_content_style":"","_kad_post_vertical_padding":"","_kad_post_feature":"","_kad_post_feature_position":"","_kad_post_header":false,"_kad_post_footer":false,"_kad_post_classname":"","footnotes":""},"categories":[1],"tags":[5,6],"class_list":["post-355","post","type-post","status-publish","format-standard","has-post-thumbnail","hentry","category-uldine","tag-oppetoo","tag-uudised"],"yoast_head":"<!-- This site is optimized with the Yoast SEO Premium plugin v20.11 (Yoast SEO v26.6) - https:\/\/yoast.com\/wordpress\/plugins\/seo\/ -->\n<title>Parim personaliprojekt haridusasutuses 2021 - Tallinna S\u00fcdalinna kool<\/title>\n<meta name=\"robots\" content=\"index, follow, max-snippet:-1, max-image-preview:large, max-video-preview:-1\" \/>\n<link rel=\"canonical\" href=\"https:\/\/sydalinna.edu.ee\/eng\/parim-personaliprojekt-haridusasutuses-2021\/\" \/>\n<meta property=\"og:locale\" content=\"en_US\" \/>\n<meta property=\"og:type\" content=\"article\" \/>\n<meta property=\"og:title\" content=\"Parim personaliprojekt haridusasutuses 2021\" \/>\n<meta property=\"og:description\" content=\"Meil on uhke tunne teatada, et Tallinna Haridusamet tunnustas eelmisel n\u00e4dalal Tallinna S\u00fcdalinna Kooli ja andis \u00fcle t\u00e4nukirja&nbsp;&#8220;Parim personaliprojekt haridusasutustes 2021&#8221;.Projektiga &#8220;Digimentorite s\u00fcsteem Tallinna S\u00fcdalinna Koolis&#8221;&nbsp;alustasime kevadel 2020. Projekti tegevustest on saanud n\u00fc\u00fcdseks meie kooli igap\u00e4evaelu osa ja digimentorid tegutsevad j\u00e4tkuvalt ka talvel 2021.Projekti &#8220;Digimentorite s\u00fcsteem&#8221; eesm\u00e4rgid: On kasvanud iga t\u00f6\u00f6taja digip\u00e4devused ja iga \u00f5petaja...\" \/>\n<meta property=\"og:url\" content=\"https:\/\/sydalinna.edu.ee\/eng\/parim-personaliprojekt-haridusasutuses-2021\/\" \/>\n<meta property=\"og:site_name\" content=\"Tallinna S\u00fcdalinna kool\" \/>\n<meta property=\"article:published_time\" content=\"2021-12-27T09:05:00+00:00\" \/>\n<meta property=\"article:modified_time\" content=\"2022-03-23T12:40:17+00:00\" \/>\n<meta property=\"og:image\" content=\"https:\/\/sydalinna.edu.ee\/wp-content\/uploads\/2021\/12\/289910.jpg\" \/>\n\t<meta property=\"og:image:width\" content=\"960\" \/>\n\t<meta property=\"og:image:height\" content=\"720\" \/>\n\t<meta property=\"og:image:type\" content=\"image\/jpeg\" \/>\n<meta name=\"author\" content=\"Jaanus Paasoja\" \/>\n<meta name=\"twitter:card\" content=\"summary_large_image\" \/>\n<meta name=\"twitter:label1\" content=\"Written by\" \/>\n\t<meta name=\"twitter:data1\" content=\"Jaanus Paasoja\" \/>\n\t<meta name=\"twitter:label2\" content=\"Est. reading time\" \/>\n\t<meta name=\"twitter:data2\" content=\"1 minute\" \/>\n<script type=\"application\/ld+json\" class=\"yoast-schema-graph\">{\"@context\":\"https:\/\/schema.org\",\"@graph\":[{\"@type\":\"Article\",\"@id\":\"https:\/\/sydalinna.edu.ee\/eng\/parim-personaliprojekt-haridusasutuses-2021\/#article\",\"isPartOf\":{\"@id\":\"https:\/\/sydalinna.edu.ee\/eng\/parim-personaliprojekt-haridusasutuses-2021\/\"},\"author\":{\"name\":\"Jaanus Paasoja\",\"@id\":\"https:\/\/sydalinna.edu.ee\/#\/schema\/person\/c030301812832f06765537f8eec6b909\"},\"headline\":\"Parim personaliprojekt haridusasutuses 2021\",\"datePublished\":\"2021-12-27T09:05:00+00:00\",\"dateModified\":\"2022-03-23T12:40:17+00:00\",\"mainEntityOfPage\":{\"@id\":\"https:\/\/sydalinna.edu.ee\/eng\/parim-personaliprojekt-haridusasutuses-2021\/\"},\"wordCount\":125,\"commentCount\":0,\"publisher\":{\"@id\":\"https:\/\/sydalinna.edu.ee\/#organization\"},\"image\":{\"@id\":\"https:\/\/sydalinna.edu.ee\/eng\/parim-personaliprojekt-haridusasutuses-2021\/#primaryimage\"},\"thumbnailUrl\":\"https:\/\/sydalinna.edu.ee\/wp-content\/uploads\/2021\/12\/289910.jpg\",\"keywords\":[\"\u00f5ppet\u00f6\u00f6\",\"uudised\"],\"articleSection\":[\"\u00dcldine\"],\"inLanguage\":\"en-US\",\"potentialAction\":[{\"@type\":\"CommentAction\",\"name\":\"Comment\",\"target\":[\"https:\/\/sydalinna.edu.ee\/eng\/parim-personaliprojekt-haridusasutuses-2021\/#respond\"]}]},{\"@type\":\"WebPage\",\"@id\":\"https:\/\/sydalinna.edu.ee\/eng\/parim-personaliprojekt-haridusasutuses-2021\/\",\"url\":\"https:\/\/sydalinna.edu.ee\/eng\/parim-personaliprojekt-haridusasutuses-2021\/\",\"name\":\"Parim personaliprojekt haridusasutuses 2021 - Tallinna S\u00fcdalinna kool\",\"isPartOf\":{\"@id\":\"https:\/\/sydalinna.edu.ee\/#website\"},\"primaryImageOfPage\":{\"@id\":\"https:\/\/sydalinna.edu.ee\/eng\/parim-personaliprojekt-haridusasutuses-2021\/#primaryimage\"},\"image\":{\"@id\":\"https:\/\/sydalinna.edu.ee\/eng\/parim-personaliprojekt-haridusasutuses-2021\/#primaryimage\"},\"thumbnailUrl\":\"https:\/\/sydalinna.edu.ee\/wp-content\/uploads\/2021\/12\/289910.jpg\",\"datePublished\":\"2021-12-27T09:05:00+00:00\",\"dateModified\":\"2022-03-23T12:40:17+00:00\",\"breadcrumb\":{\"@id\":\"https:\/\/sydalinna.edu.ee\/eng\/parim-personaliprojekt-haridusasutuses-2021\/#breadcrumb\"},\"inLanguage\":\"en-US\",\"potentialAction\":[{\"@type\":\"ReadAction\",\"target\":[\"https:\/\/sydalinna.edu.ee\/eng\/parim-personaliprojekt-haridusasutuses-2021\/\"]}]},{\"@type\":\"ImageObject\",\"inLanguage\":\"en-US\",\"@id\":\"https:\/\/sydalinna.edu.ee\/eng\/parim-personaliprojekt-haridusasutuses-2021\/#primaryimage\",\"url\":\"https:\/\/sydalinna.edu.ee\/wp-content\/uploads\/2021\/12\/289910.jpg\",\"contentUrl\":\"https:\/\/sydalinna.edu.ee\/wp-content\/uploads\/2021\/12\/289910.jpg\",\"width\":960,\"height\":720},{\"@type\":\"BreadcrumbList\",\"@id\":\"https:\/\/sydalinna.edu.ee\/eng\/parim-personaliprojekt-haridusasutuses-2021\/#breadcrumb\",\"itemListElement\":[{\"@type\":\"ListItem\",\"position\":1,\"name\":\"Avaleht\",\"item\":\"https:\/\/sydalinna.edu.ee\/\"},{\"@type\":\"ListItem\",\"position\":2,\"name\":\"Parim personaliprojekt haridusasutuses 2021\"}]},{\"@type\":\"WebSite\",\"@id\":\"https:\/\/sydalinna.edu.ee\/#website\",\"url\":\"https:\/\/sydalinna.edu.ee\/\",\"name\":\"Tallinna S\u00fcdalinna kool\",\"description\":\"Kodune kool kesklinna s\u00fcdames.\",\"publisher\":{\"@id\":\"https:\/\/sydalinna.edu.ee\/#organization\"},\"potentialAction\":[{\"@type\":\"SearchAction\",\"target\":{\"@type\":\"EntryPoint\",\"urlTemplate\":\"https:\/\/sydalinna.edu.ee\/?s={search_term_string}\"},\"query-input\":{\"@type\":\"PropertyValueSpecification\",\"valueRequired\":true,\"valueName\":\"search_term_string\"}}],\"inLanguage\":\"en-US\"},{\"@type\":\"Organization\",\"@id\":\"https:\/\/sydalinna.edu.ee\/#organization\",\"name\":\"Tallinna S\u00fcdalinna kool\",\"url\":\"https:\/\/sydalinna.edu.ee\/\",\"logo\":{\"@type\":\"ImageObject\",\"inLanguage\":\"en-US\",\"@id\":\"https:\/\/sydalinna.edu.ee\/#\/schema\/logo\/image\/\",\"url\":\"https:\/\/sydalinna.edu.ee\/wp-content\/uploads\/2021\/12\/g1.svg\",\"contentUrl\":\"https:\/\/sydalinna.edu.ee\/wp-content\/uploads\/2021\/12\/g1.svg\",\"width\":185,\"height\":45,\"caption\":\"Tallinna S\u00fcdalinna kool\"},\"image\":{\"@id\":\"https:\/\/sydalinna.edu.ee\/#\/schema\/logo\/image\/\"}},{\"@type\":\"Person\",\"@id\":\"https:\/\/sydalinna.edu.ee\/#\/schema\/person\/c030301812832f06765537f8eec6b909\",\"name\":\"Jaanus Paasoja\",\"image\":{\"@type\":\"ImageObject\",\"inLanguage\":\"en-US\",\"@id\":\"https:\/\/sydalinna.edu.ee\/#\/schema\/person\/image\/\",\"url\":\"https:\/\/secure.gravatar.com\/avatar\/c4926e7188797473e19850f48605b2d0648628a77ff621d3bd559e6e3c3b43e1?s=96&d=mm&r=g\",\"contentUrl\":\"https:\/\/secure.gravatar.com\/avatar\/c4926e7188797473e19850f48605b2d0648628a77ff621d3bd559e6e3c3b43e1?s=96&d=mm&r=g\",\"caption\":\"Jaanus Paasoja\"},\"url\":\"https:\/\/sydalinna.edu.ee\/eng\/author\/jaanusp\/\"}]}<\/script>\n<!-- \/ Yoast SEO Premium plugin. -->","yoast_head_json":{"title":"Parim personaliprojekt haridusasutuses 2021 - Tallinna S\u00fcdalinna kool","robots":{"index":"index","follow":"follow","max-snippet":"max-snippet:-1","max-image-preview":"max-image-preview:large","max-video-preview":"max-video-preview:-1"},"canonical":"https:\/\/sydalinna.edu.ee\/eng\/parim-personaliprojekt-haridusasutuses-2021\/","og_locale":"en_US","og_type":"article","og_title":"Parim personaliprojekt haridusasutuses 2021","og_description":"Meil on uhke tunne teatada, et Tallinna Haridusamet tunnustas eelmisel n\u00e4dalal Tallinna S\u00fcdalinna Kooli ja andis \u00fcle t\u00e4nukirja&nbsp;&#8220;Parim personaliprojekt haridusasutustes 2021&#8221;.Projektiga &#8220;Digimentorite s\u00fcsteem Tallinna S\u00fcdalinna Koolis&#8221;&nbsp;alustasime kevadel 2020. Projekti tegevustest on saanud n\u00fc\u00fcdseks meie kooli igap\u00e4evaelu osa ja digimentorid tegutsevad j\u00e4tkuvalt ka talvel 2021.Projekti &#8220;Digimentorite s\u00fcsteem&#8221; eesm\u00e4rgid: On kasvanud iga t\u00f6\u00f6taja digip\u00e4devused ja iga \u00f5petaja...","og_url":"https:\/\/sydalinna.edu.ee\/eng\/parim-personaliprojekt-haridusasutuses-2021\/","og_site_name":"Tallinna S\u00fcdalinna kool","article_published_time":"2021-12-27T09:05:00+00:00","article_modified_time":"2022-03-23T12:40:17+00:00","og_image":[{"width":960,"height":720,"url":"https:\/\/sydalinna.edu.ee\/wp-content\/uploads\/2021\/12\/289910.jpg","type":"image\/jpeg"}],"author":"Jaanus Paasoja","twitter_card":"summary_large_image","twitter_misc":{"Written by":"Jaanus Paasoja","Est. reading time":"1 minute"},"schema":{"@context":"https:\/\/schema.org","@graph":[{"@type":"Article","@id":"https:\/\/sydalinna.edu.ee\/eng\/parim-personaliprojekt-haridusasutuses-2021\/#article","isPartOf":{"@id":"https:\/\/sydalinna.edu.ee\/eng\/parim-personaliprojekt-haridusasutuses-2021\/"},"author":{"name":"Jaanus Paasoja","@id":"https:\/\/sydalinna.edu.ee\/#\/schema\/person\/c030301812832f06765537f8eec6b909"},"headline":"Parim personaliprojekt haridusasutuses 2021","datePublished":"2021-12-27T09:05:00+00:00","dateModified":"2022-03-23T12:40:17+00:00","mainEntityOfPage":{"@id":"https:\/\/sydalinna.edu.ee\/eng\/parim-personaliprojekt-haridusasutuses-2021\/"},"wordCount":125,"commentCount":0,"publisher":{"@id":"https:\/\/sydalinna.edu.ee\/#organization"},"image":{"@id":"https:\/\/sydalinna.edu.ee\/eng\/parim-personaliprojekt-haridusasutuses-2021\/#primaryimage"},"thumbnailUrl":"https:\/\/sydalinna.edu.ee\/wp-content\/uploads\/2021\/12\/289910.jpg","keywords":["\u00f5ppet\u00f6\u00f6","uudised"],"articleSection":["\u00dcldine"],"inLanguage":"en-US","potentialAction":[{"@type":"CommentAction","name":"Comment","target":["https:\/\/sydalinna.edu.ee\/eng\/parim-personaliprojekt-haridusasutuses-2021\/#respond"]}]},{"@type":"WebPage","@id":"https:\/\/sydalinna.edu.ee\/eng\/parim-personaliprojekt-haridusasutuses-2021\/","url":"https:\/\/sydalinna.edu.ee\/eng\/parim-personaliprojekt-haridusasutuses-2021\/","name":"Parim personaliprojekt haridusasutuses 2021 - Tallinna S\u00fcdalinna kool","isPartOf":{"@id":"https:\/\/sydalinna.edu.ee\/#website"},"primaryImageOfPage":{"@id":"https:\/\/sydalinna.edu.ee\/eng\/parim-personaliprojekt-haridusasutuses-2021\/#primaryimage"},"image":{"@id":"https:\/\/sydalinna.edu.ee\/eng\/parim-personaliprojekt-haridusasutuses-2021\/#primaryimage"},"thumbnailUrl":"https:\/\/sydalinna.edu.ee\/wp-content\/uploads\/2021\/12\/289910.jpg","datePublished":"2021-12-27T09:05:00+00:00","dateModified":"2022-03-23T12:40:17+00:00","breadcrumb":{"@id":"https:\/\/sydalinna.edu.ee\/eng\/parim-personaliprojekt-haridusasutuses-2021\/#breadcrumb"},"inLanguage":"en-US","potentialAction":[{"@type":"ReadAction","target":["https:\/\/sydalinna.edu.ee\/eng\/parim-personaliprojekt-haridusasutuses-2021\/"]}]},{"@type":"ImageObject","inLanguage":"en-US","@id":"https:\/\/sydalinna.edu.ee\/eng\/parim-personaliprojekt-haridusasutuses-2021\/#primaryimage","url":"https:\/\/sydalinna.edu.ee\/wp-content\/uploads\/2021\/12\/289910.jpg","contentUrl":"https:\/\/sydalinna.edu.ee\/wp-content\/uploads\/2021\/12\/289910.jpg","width":960,"height":720},{"@type":"BreadcrumbList","@id":"https:\/\/sydalinna.edu.ee\/eng\/parim-personaliprojekt-haridusasutuses-2021\/#breadcrumb","itemListElement":[{"@type":"ListItem","position":1,"name":"Avaleht","item":"https:\/\/sydalinna.edu.ee\/"},{"@type":"ListItem","position":2,"name":"Parim personaliprojekt haridusasutuses 2021"}]},{"@type":"WebSite","@id":"https:\/\/sydalinna.edu.ee\/#website","url":"https:\/\/sydalinna.edu.ee\/","name":"Tallinna S\u00fcdalinna kool","description":"Kodune kool kesklinna s\u00fcdames.","publisher":{"@id":"https:\/\/sydalinna.edu.ee\/#organization"},"potentialAction":[{"@type":"SearchAction","target":{"@type":"EntryPoint","urlTemplate":"https:\/\/sydalinna.edu.ee\/?s={search_term_string}"},"query-input":{"@type":"PropertyValueSpecification","valueRequired":true,"valueName":"search_term_string"}}],"inLanguage":"en-US"},{"@type":"Organization","@id":"https:\/\/sydalinna.edu.ee\/#organization","name":"Tallinna S\u00fcdalinna kool","url":"https:\/\/sydalinna.edu.ee\/","logo":{"@type":"ImageObject","inLanguage":"en-US","@id":"https:\/\/sydalinna.edu.ee\/#\/schema\/logo\/image\/","url":"https:\/\/sydalinna.edu.ee\/wp-content\/uploads\/2021\/12\/g1.svg","contentUrl":"https:\/\/sydalinna.edu.ee\/wp-content\/uploads\/2021\/12\/g1.svg","width":185,"height":45,"caption":"Tallinna S\u00fcdalinna kool"},"image":{"@id":"https:\/\/sydalinna.edu.ee\/#\/schema\/logo\/image\/"}},{"@type":"Person","@id":"https:\/\/sydalinna.edu.ee\/#\/schema\/person\/c030301812832f06765537f8eec6b909","name":"Jaanus Paasoja","image":{"@type":"ImageObject","inLanguage":"en-US","@id":"https:\/\/sydalinna.edu.ee\/#\/schema\/person\/image\/","url":"https:\/\/secure.gravatar.com\/avatar\/c4926e7188797473e19850f48605b2d0648628a77ff621d3bd559e6e3c3b43e1?s=96&d=mm&r=g","contentUrl":"https:\/\/secure.gravatar.com\/avatar\/c4926e7188797473e19850f48605b2d0648628a77ff621d3bd559e6e3c3b43e1?s=96&d=mm&r=g","caption":"Jaanus Paasoja"},"url":"https:\/\/sydalinna.edu.ee\/eng\/author\/jaanusp\/"}]}},"_links":{"self":[{"href":"https:\/\/sydalinna.edu.ee\/eng\/wp-json\/wp\/v2\/posts\/355","targetHints":{"allow":["GET"]}}],"collection":[{"href":"https:\/\/sydalinna.edu.ee\/eng\/wp-json\/wp\/v2\/posts"}],"about":[{"href":"https:\/\/sydalinna.edu.ee\/eng\/wp-json\/wp\/v2\/types\/post"}],"author":[{"embeddable":true,"href":"https:\/\/sydalinna.edu.ee\/eng\/wp-json\/wp\/v2\/users\/8"}],"replies":[{"embeddable":true,"href":"https:\/\/sydalinna.edu.ee\/eng\/wp-json\/wp\/v2\/comments?post=355"}],"version-history":[{"count":1,"href":"https:\/\/sydalinna.edu.ee\/eng\/wp-json\/wp\/v2\/posts\/355\/revisions"}],"predecessor-version":[{"id":4087,"href":"https:\/\/sydalinna.edu.ee\/eng\/wp-json\/wp\/v2\/posts\/355\/revisions\/4087"}],"wp:featuredmedia":[{"embeddable":true,"href":"https:\/\/sydalinna.edu.ee\/eng\/wp-json\/wp\/v2\/media\/480"}],"wp:attachment":[{"href":"https:\/\/sydalinna.edu.ee\/eng\/wp-json\/wp\/v2\/media?parent=355"}],"wp:term":[{"taxonomy":"category","embeddable":true,"href":"https:\/\/sydalinna.edu.ee\/eng\/wp-json\/wp\/v2\/categories?post=355"},{"taxonomy":"post_tag","embeddable":true,"href":"https:\/\/sydalinna.edu.ee\/eng\/wp-json\/wp\/v2\/tags?post=355"}],"curies":[{"name":"wp","href":"https:\/\/api.w.org\/{rel}","templated":true}]}}