{"id":353,"date":"2021-12-19T08:05:00","date_gmt":"2021-12-19T08:05:00","guid":{"rendered":"https:\/\/demosoledad.pencidesign.net\/soledad-massage-multipurpose\/12-types-of-massage-which-one-is-right-for-you-your-health-c-c-c-c-c-c-c-c-c\/"},"modified":"2021-12-30T10:32:53","modified_gmt":"2021-12-30T10:32:53","slug":"meie-opilane-sai-joonistuse-eest-tunnustuse","status":"publish","type":"post","link":"https:\/\/sydalinna.edu.ee\/eng\/meie-opilane-sai-joonistuse-eest-tunnustuse\/","title":{"rendered":"Meie \u00f5pilane sai joonistuse eest tunnustuse"},"content":{"rendered":"<p>Lastekaitse Liit \u00fches koost\u00f6\u00f6partneritega valis\u00a0<strong>loovkonkursile \u201cMinu unistuste pere\u201d<\/strong>\u00a0pea tuhande laekunud t\u00f6\u00f6 hulgast v\u00e4lja parimad, mis kujundatakse k\u00e4esoleva aasta j\u00f5ulukaartideks.Lastekaitse Liit ja Wise valisid igas kategoorias \u00fche parima t\u00f6\u00f6, lisaks andis liit igas vanuser\u00fchmas v\u00e4lja kaks tunnustust. <\/p>\n\n\n\n<p>Parimad t\u00f6\u00f6d kujundatakse organisatsioonide j\u00f5ulukaartideks, mis j\u00f5uavad nende koost\u00f6\u00f6partneriteni.<\/p>\n\n\n\n<p><strong>7.-9. klasside arvestuses sai tunnustuse S\u00fcdalinna Kooli 8. klassi \u00f5pilane Nelli Nahkur.<\/strong><\/p>\n\n\n\n<p>Palju \u00f5nne!<\/p>\n\n\n\n<p><a rel=\"noreferrer noopener\" href=\"https:\/\/eestielu.goodnews.ee\/selgusid-joonistusvoistluse-minu-unistuste-pere-parimad\/?utm_source=rss&amp;utm_medium=rss&amp;utm_campaign=selgusid-joonistusvoistluse-minu-unistuste-pere-parimad&amp;fbclid=IwAR0eZ7_jygFe_e_EOmleJfpqKkOb7MBfMrSHW-_e56p1sISm_4d8wK5-uIk\" target=\"_blank\">https:\/\/eestielu.goodnews.ee\/selgusid&#8230;\/&#8230;<\/a><\/p>","protected":false},"excerpt":{"rendered":"<p>Lastekaitse Liit \u00fches koost\u00f6\u00f6partneritega valis\u00a0loovkonkursile \u201cMinu unistuste pere\u201d\u00a0pea tuhande laekunud t\u00f6\u00f6 hulgast v\u00e4lja parimad, mis kujundatakse k\u00e4esoleva aasta j\u00f5ulukaartideks.Lastekaitse Liit ja Wise valisid igas kategoorias \u00fche parima t\u00f6\u00f6, lisaks andis liit igas vanuser\u00fchmas v\u00e4lja kaks tunnustust. Parimad t\u00f6\u00f6d kujundatakse organisatsioonide j\u00f5ulukaartideks, mis j\u00f5uavad nende koost\u00f6\u00f6partneriteni. 7.-9. klasside arvestuses sai tunnustuse S\u00fcdalinna Kooli 8. klassi \u00f5pilane&#8230;<\/p>","protected":false},"author":1,"featured_media":478,"comment_status":"open","ping_status":"open","sticky":false,"template":"","format":"standard","meta":{"_kad_post_transparent":"","_kad_post_title":"","_kad_post_layout":"","_kad_post_sidebar_id":"","_kad_post_content_style":"","_kad_post_vertical_padding":"","_kad_post_feature":"","_kad_post_feature_position":"","_kad_post_header":false,"_kad_post_footer":false,"_kad_post_classname":"","footnotes":""},"categories":[2],"tags":[5,6],"class_list":["post-353","post","type-post","status-publish","format-standard","has-post-thumbnail","hentry","category-uudised","tag-oppetoo","tag-uudised"],"yoast_head":"<!-- This site is optimized with the Yoast SEO Premium plugin v20.11 (Yoast SEO v26.6) - https:\/\/yoast.com\/wordpress\/plugins\/seo\/ -->\n<title>Meie \u00f5pilane sai joonistuse eest tunnustuse - Tallinna S\u00fcdalinna kool<\/title>\n<meta name=\"robots\" content=\"index, follow, max-snippet:-1, max-image-preview:large, max-video-preview:-1\" \/>\n<link rel=\"canonical\" href=\"https:\/\/sydalinna.edu.ee\/eng\/meie-opilane-sai-joonistuse-eest-tunnustuse\/\" \/>\n<meta property=\"og:locale\" content=\"en_US\" \/>\n<meta property=\"og:type\" content=\"article\" \/>\n<meta property=\"og:title\" content=\"Meie \u00f5pilane sai joonistuse eest tunnustuse\" \/>\n<meta property=\"og:description\" content=\"Lastekaitse Liit \u00fches koost\u00f6\u00f6partneritega valis\u00a0loovkonkursile \u201cMinu unistuste pere\u201d\u00a0pea tuhande laekunud t\u00f6\u00f6 hulgast v\u00e4lja parimad, mis kujundatakse k\u00e4esoleva aasta j\u00f5ulukaartideks.Lastekaitse Liit ja Wise valisid igas kategoorias \u00fche parima t\u00f6\u00f6, lisaks andis liit igas vanuser\u00fchmas v\u00e4lja kaks tunnustust. Parimad t\u00f6\u00f6d kujundatakse organisatsioonide j\u00f5ulukaartideks, mis j\u00f5uavad nende koost\u00f6\u00f6partneriteni. 7.-9. klasside arvestuses sai tunnustuse S\u00fcdalinna Kooli 8. klassi \u00f5pilane...\" \/>\n<meta property=\"og:url\" content=\"https:\/\/sydalinna.edu.ee\/eng\/meie-opilane-sai-joonistuse-eest-tunnustuse\/\" \/>\n<meta property=\"og:site_name\" content=\"Tallinna S\u00fcdalinna kool\" \/>\n<meta property=\"article:published_time\" content=\"2021-12-19T08:05:00+00:00\" \/>\n<meta property=\"article:modified_time\" content=\"2021-12-30T10:32:53+00:00\" \/>\n<meta property=\"og:image\" content=\"https:\/\/sydalinna.edu.ee\/wp-content\/uploads\/2021\/12\/289401.jpg\" \/>\n\t<meta property=\"og:image:width\" content=\"1024\" \/>\n\t<meta property=\"og:image:height\" content=\"724\" \/>\n\t<meta property=\"og:image:type\" content=\"image\/jpeg\" \/>\n<meta name=\"author\" content=\"PlayerUnknown\" \/>\n<meta name=\"twitter:card\" content=\"summary_large_image\" \/>\n<meta name=\"twitter:label1\" content=\"Written by\" \/>\n\t<meta name=\"twitter:data1\" content=\"PlayerUnknown\" \/>\n<script type=\"application\/ld+json\" class=\"yoast-schema-graph\">{\"@context\":\"https:\/\/schema.org\",\"@graph\":[{\"@type\":\"Article\",\"@id\":\"https:\/\/sydalinna.edu.ee\/eng\/meie-opilane-sai-joonistuse-eest-tunnustuse\/#article\",\"isPartOf\":{\"@id\":\"https:\/\/sydalinna.edu.ee\/eng\/meie-opilane-sai-joonistuse-eest-tunnustuse\/\"},\"author\":{\"name\":\"PlayerUnknown\",\"@id\":\"https:\/\/sydalinna.edu.ee\/#\/schema\/person\/2b56999a414df257f413c8fbdce64f6f\"},\"headline\":\"Meie \u00f5pilane sai joonistuse eest tunnustuse\",\"datePublished\":\"2021-12-19T08:05:00+00:00\",\"dateModified\":\"2021-12-30T10:32:53+00:00\",\"mainEntityOfPage\":{\"@id\":\"https:\/\/sydalinna.edu.ee\/eng\/meie-opilane-sai-joonistuse-eest-tunnustuse\/\"},\"wordCount\":83,\"commentCount\":0,\"publisher\":{\"@id\":\"https:\/\/sydalinna.edu.ee\/#organization\"},\"image\":{\"@id\":\"https:\/\/sydalinna.edu.ee\/eng\/meie-opilane-sai-joonistuse-eest-tunnustuse\/#primaryimage\"},\"thumbnailUrl\":\"https:\/\/sydalinna.edu.ee\/wp-content\/uploads\/2021\/12\/289401.jpg\",\"keywords\":[\"\u00f5ppet\u00f6\u00f6\",\"uudised\"],\"articleSection\":[\"Uudised\"],\"inLanguage\":\"en-US\",\"potentialAction\":[{\"@type\":\"CommentAction\",\"name\":\"Comment\",\"target\":[\"https:\/\/sydalinna.edu.ee\/eng\/meie-opilane-sai-joonistuse-eest-tunnustuse\/#respond\"]}]},{\"@type\":\"WebPage\",\"@id\":\"https:\/\/sydalinna.edu.ee\/eng\/meie-opilane-sai-joonistuse-eest-tunnustuse\/\",\"url\":\"https:\/\/sydalinna.edu.ee\/eng\/meie-opilane-sai-joonistuse-eest-tunnustuse\/\",\"name\":\"Meie \u00f5pilane sai joonistuse eest tunnustuse - Tallinna S\u00fcdalinna kool\",\"isPartOf\":{\"@id\":\"https:\/\/sydalinna.edu.ee\/#website\"},\"primaryImageOfPage\":{\"@id\":\"https:\/\/sydalinna.edu.ee\/eng\/meie-opilane-sai-joonistuse-eest-tunnustuse\/#primaryimage\"},\"image\":{\"@id\":\"https:\/\/sydalinna.edu.ee\/eng\/meie-opilane-sai-joonistuse-eest-tunnustuse\/#primaryimage\"},\"thumbnailUrl\":\"https:\/\/sydalinna.edu.ee\/wp-content\/uploads\/2021\/12\/289401.jpg\",\"datePublished\":\"2021-12-19T08:05:00+00:00\",\"dateModified\":\"2021-12-30T10:32:53+00:00\",\"breadcrumb\":{\"@id\":\"https:\/\/sydalinna.edu.ee\/eng\/meie-opilane-sai-joonistuse-eest-tunnustuse\/#breadcrumb\"},\"inLanguage\":\"en-US\",\"potentialAction\":[{\"@type\":\"ReadAction\",\"target\":[\"https:\/\/sydalinna.edu.ee\/eng\/meie-opilane-sai-joonistuse-eest-tunnustuse\/\"]}]},{\"@type\":\"ImageObject\",\"inLanguage\":\"en-US\",\"@id\":\"https:\/\/sydalinna.edu.ee\/eng\/meie-opilane-sai-joonistuse-eest-tunnustuse\/#primaryimage\",\"url\":\"https:\/\/sydalinna.edu.ee\/wp-content\/uploads\/2021\/12\/289401.jpg\",\"contentUrl\":\"https:\/\/sydalinna.edu.ee\/wp-content\/uploads\/2021\/12\/289401.jpg\",\"width\":1024,\"height\":724},{\"@type\":\"BreadcrumbList\",\"@id\":\"https:\/\/sydalinna.edu.ee\/eng\/meie-opilane-sai-joonistuse-eest-tunnustuse\/#breadcrumb\",\"itemListElement\":[{\"@type\":\"ListItem\",\"position\":1,\"name\":\"Avaleht\",\"item\":\"https:\/\/sydalinna.edu.ee\/\"},{\"@type\":\"ListItem\",\"position\":2,\"name\":\"Meie \u00f5pilane sai joonistuse eest tunnustuse\"}]},{\"@type\":\"WebSite\",\"@id\":\"https:\/\/sydalinna.edu.ee\/#website\",\"url\":\"https:\/\/sydalinna.edu.ee\/\",\"name\":\"Tallinna S\u00fcdalinna kool\",\"description\":\"Kodune kool kesklinna s\u00fcdames.\",\"publisher\":{\"@id\":\"https:\/\/sydalinna.edu.ee\/#organization\"},\"potentialAction\":[{\"@type\":\"SearchAction\",\"target\":{\"@type\":\"EntryPoint\",\"urlTemplate\":\"https:\/\/sydalinna.edu.ee\/?s={search_term_string}\"},\"query-input\":{\"@type\":\"PropertyValueSpecification\",\"valueRequired\":true,\"valueName\":\"search_term_string\"}}],\"inLanguage\":\"en-US\"},{\"@type\":\"Organization\",\"@id\":\"https:\/\/sydalinna.edu.ee\/#organization\",\"name\":\"Tallinna S\u00fcdalinna kool\",\"url\":\"https:\/\/sydalinna.edu.ee\/\",\"logo\":{\"@type\":\"ImageObject\",\"inLanguage\":\"en-US\",\"@id\":\"https:\/\/sydalinna.edu.ee\/#\/schema\/logo\/image\/\",\"url\":\"https:\/\/sydalinna.edu.ee\/wp-content\/uploads\/2021\/12\/g1.svg\",\"contentUrl\":\"https:\/\/sydalinna.edu.ee\/wp-content\/uploads\/2021\/12\/g1.svg\",\"width\":185,\"height\":45,\"caption\":\"Tallinna S\u00fcdalinna kool\"},\"image\":{\"@id\":\"https:\/\/sydalinna.edu.ee\/#\/schema\/logo\/image\/\"}},{\"@type\":\"Person\",\"@id\":\"https:\/\/sydalinna.edu.ee\/#\/schema\/person\/2b56999a414df257f413c8fbdce64f6f\",\"name\":\"PlayerUnknown\",\"image\":{\"@type\":\"ImageObject\",\"inLanguage\":\"en-US\",\"@id\":\"https:\/\/sydalinna.edu.ee\/#\/schema\/person\/image\/\",\"url\":\"https:\/\/secure.gravatar.com\/avatar\/7deaadb8c76b2b297062cbcb81e100c5746cf5962410da858ce7e3c3aff37b0b?s=96&d=mm&r=g\",\"contentUrl\":\"https:\/\/secure.gravatar.com\/avatar\/7deaadb8c76b2b297062cbcb81e100c5746cf5962410da858ce7e3c3aff37b0b?s=96&d=mm&r=g\",\"caption\":\"PlayerUnknown\"},\"sameAs\":[\"https:\/\/sydalinna.edu.ee\"],\"url\":\"https:\/\/sydalinna.edu.ee\/eng\/author\/playerunknown\/\"}]}<\/script>\n<!-- \/ Yoast SEO Premium plugin. -->","yoast_head_json":{"title":"Meie \u00f5pilane sai joonistuse eest tunnustuse - Tallinna S\u00fcdalinna kool","robots":{"index":"index","follow":"follow","max-snippet":"max-snippet:-1","max-image-preview":"max-image-preview:large","max-video-preview":"max-video-preview:-1"},"canonical":"https:\/\/sydalinna.edu.ee\/eng\/meie-opilane-sai-joonistuse-eest-tunnustuse\/","og_locale":"en_US","og_type":"article","og_title":"Meie \u00f5pilane sai joonistuse eest tunnustuse","og_description":"Lastekaitse Liit \u00fches koost\u00f6\u00f6partneritega valis\u00a0loovkonkursile \u201cMinu unistuste pere\u201d\u00a0pea tuhande laekunud t\u00f6\u00f6 hulgast v\u00e4lja parimad, mis kujundatakse k\u00e4esoleva aasta j\u00f5ulukaartideks.Lastekaitse Liit ja Wise valisid igas kategoorias \u00fche parima t\u00f6\u00f6, lisaks andis liit igas vanuser\u00fchmas v\u00e4lja kaks tunnustust. Parimad t\u00f6\u00f6d kujundatakse organisatsioonide j\u00f5ulukaartideks, mis j\u00f5uavad nende koost\u00f6\u00f6partneriteni. 7.-9. klasside arvestuses sai tunnustuse S\u00fcdalinna Kooli 8. klassi \u00f5pilane...","og_url":"https:\/\/sydalinna.edu.ee\/eng\/meie-opilane-sai-joonistuse-eest-tunnustuse\/","og_site_name":"Tallinna S\u00fcdalinna kool","article_published_time":"2021-12-19T08:05:00+00:00","article_modified_time":"2021-12-30T10:32:53+00:00","og_image":[{"width":1024,"height":724,"url":"https:\/\/sydalinna.edu.ee\/wp-content\/uploads\/2021\/12\/289401.jpg","type":"image\/jpeg"}],"author":"PlayerUnknown","twitter_card":"summary_large_image","twitter_misc":{"Written by":"PlayerUnknown"},"schema":{"@context":"https:\/\/schema.org","@graph":[{"@type":"Article","@id":"https:\/\/sydalinna.edu.ee\/eng\/meie-opilane-sai-joonistuse-eest-tunnustuse\/#article","isPartOf":{"@id":"https:\/\/sydalinna.edu.ee\/eng\/meie-opilane-sai-joonistuse-eest-tunnustuse\/"},"author":{"name":"PlayerUnknown","@id":"https:\/\/sydalinna.edu.ee\/#\/schema\/person\/2b56999a414df257f413c8fbdce64f6f"},"headline":"Meie \u00f5pilane sai joonistuse eest tunnustuse","datePublished":"2021-12-19T08:05:00+00:00","dateModified":"2021-12-30T10:32:53+00:00","mainEntityOfPage":{"@id":"https:\/\/sydalinna.edu.ee\/eng\/meie-opilane-sai-joonistuse-eest-tunnustuse\/"},"wordCount":83,"commentCount":0,"publisher":{"@id":"https:\/\/sydalinna.edu.ee\/#organization"},"image":{"@id":"https:\/\/sydalinna.edu.ee\/eng\/meie-opilane-sai-joonistuse-eest-tunnustuse\/#primaryimage"},"thumbnailUrl":"https:\/\/sydalinna.edu.ee\/wp-content\/uploads\/2021\/12\/289401.jpg","keywords":["\u00f5ppet\u00f6\u00f6","uudised"],"articleSection":["Uudised"],"inLanguage":"en-US","potentialAction":[{"@type":"CommentAction","name":"Comment","target":["https:\/\/sydalinna.edu.ee\/eng\/meie-opilane-sai-joonistuse-eest-tunnustuse\/#respond"]}]},{"@type":"WebPage","@id":"https:\/\/sydalinna.edu.ee\/eng\/meie-opilane-sai-joonistuse-eest-tunnustuse\/","url":"https:\/\/sydalinna.edu.ee\/eng\/meie-opilane-sai-joonistuse-eest-tunnustuse\/","name":"Meie \u00f5pilane sai joonistuse eest tunnustuse - Tallinna S\u00fcdalinna kool","isPartOf":{"@id":"https:\/\/sydalinna.edu.ee\/#website"},"primaryImageOfPage":{"@id":"https:\/\/sydalinna.edu.ee\/eng\/meie-opilane-sai-joonistuse-eest-tunnustuse\/#primaryimage"},"image":{"@id":"https:\/\/sydalinna.edu.ee\/eng\/meie-opilane-sai-joonistuse-eest-tunnustuse\/#primaryimage"},"thumbnailUrl":"https:\/\/sydalinna.edu.ee\/wp-content\/uploads\/2021\/12\/289401.jpg","datePublished":"2021-12-19T08:05:00+00:00","dateModified":"2021-12-30T10:32:53+00:00","breadcrumb":{"@id":"https:\/\/sydalinna.edu.ee\/eng\/meie-opilane-sai-joonistuse-eest-tunnustuse\/#breadcrumb"},"inLanguage":"en-US","potentialAction":[{"@type":"ReadAction","target":["https:\/\/sydalinna.edu.ee\/eng\/meie-opilane-sai-joonistuse-eest-tunnustuse\/"]}]},{"@type":"ImageObject","inLanguage":"en-US","@id":"https:\/\/sydalinna.edu.ee\/eng\/meie-opilane-sai-joonistuse-eest-tunnustuse\/#primaryimage","url":"https:\/\/sydalinna.edu.ee\/wp-content\/uploads\/2021\/12\/289401.jpg","contentUrl":"https:\/\/sydalinna.edu.ee\/wp-content\/uploads\/2021\/12\/289401.jpg","width":1024,"height":724},{"@type":"BreadcrumbList","@id":"https:\/\/sydalinna.edu.ee\/eng\/meie-opilane-sai-joonistuse-eest-tunnustuse\/#breadcrumb","itemListElement":[{"@type":"ListItem","position":1,"name":"Avaleht","item":"https:\/\/sydalinna.edu.ee\/"},{"@type":"ListItem","position":2,"name":"Meie \u00f5pilane sai joonistuse eest tunnustuse"}]},{"@type":"WebSite","@id":"https:\/\/sydalinna.edu.ee\/#website","url":"https:\/\/sydalinna.edu.ee\/","name":"Tallinna S\u00fcdalinna kool","description":"Kodune kool kesklinna s\u00fcdames.","publisher":{"@id":"https:\/\/sydalinna.edu.ee\/#organization"},"potentialAction":[{"@type":"SearchAction","target":{"@type":"EntryPoint","urlTemplate":"https:\/\/sydalinna.edu.ee\/?s={search_term_string}"},"query-input":{"@type":"PropertyValueSpecification","valueRequired":true,"valueName":"search_term_string"}}],"inLanguage":"en-US"},{"@type":"Organization","@id":"https:\/\/sydalinna.edu.ee\/#organization","name":"Tallinna S\u00fcdalinna kool","url":"https:\/\/sydalinna.edu.ee\/","logo":{"@type":"ImageObject","inLanguage":"en-US","@id":"https:\/\/sydalinna.edu.ee\/#\/schema\/logo\/image\/","url":"https:\/\/sydalinna.edu.ee\/wp-content\/uploads\/2021\/12\/g1.svg","contentUrl":"https:\/\/sydalinna.edu.ee\/wp-content\/uploads\/2021\/12\/g1.svg","width":185,"height":45,"caption":"Tallinna S\u00fcdalinna kool"},"image":{"@id":"https:\/\/sydalinna.edu.ee\/#\/schema\/logo\/image\/"}},{"@type":"Person","@id":"https:\/\/sydalinna.edu.ee\/#\/schema\/person\/2b56999a414df257f413c8fbdce64f6f","name":"PlayerUnknown","image":{"@type":"ImageObject","inLanguage":"en-US","@id":"https:\/\/sydalinna.edu.ee\/#\/schema\/person\/image\/","url":"https:\/\/secure.gravatar.com\/avatar\/7deaadb8c76b2b297062cbcb81e100c5746cf5962410da858ce7e3c3aff37b0b?s=96&d=mm&r=g","contentUrl":"https:\/\/secure.gravatar.com\/avatar\/7deaadb8c76b2b297062cbcb81e100c5746cf5962410da858ce7e3c3aff37b0b?s=96&d=mm&r=g","caption":"PlayerUnknown"},"sameAs":["https:\/\/sydalinna.edu.ee"],"url":"https:\/\/sydalinna.edu.ee\/eng\/author\/playerunknown\/"}]}},"_links":{"self":[{"href":"https:\/\/sydalinna.edu.ee\/eng\/wp-json\/wp\/v2\/posts\/353","targetHints":{"allow":["GET"]}}],"collection":[{"href":"https:\/\/sydalinna.edu.ee\/eng\/wp-json\/wp\/v2\/posts"}],"about":[{"href":"https:\/\/sydalinna.edu.ee\/eng\/wp-json\/wp\/v2\/types\/post"}],"author":[{"embeddable":true,"href":"https:\/\/sydalinna.edu.ee\/eng\/wp-json\/wp\/v2\/users\/1"}],"replies":[{"embeddable":true,"href":"https:\/\/sydalinna.edu.ee\/eng\/wp-json\/wp\/v2\/comments?post=353"}],"version-history":[{"count":0,"href":"https:\/\/sydalinna.edu.ee\/eng\/wp-json\/wp\/v2\/posts\/353\/revisions"}],"wp:featuredmedia":[{"embeddable":true,"href":"https:\/\/sydalinna.edu.ee\/eng\/wp-json\/wp\/v2\/media\/478"}],"wp:attachment":[{"href":"https:\/\/sydalinna.edu.ee\/eng\/wp-json\/wp\/v2\/media?parent=353"}],"wp:term":[{"taxonomy":"category","embeddable":true,"href":"https:\/\/sydalinna.edu.ee\/eng\/wp-json\/wp\/v2\/categories?post=353"},{"taxonomy":"post_tag","embeddable":true,"href":"https:\/\/sydalinna.edu.ee\/eng\/wp-json\/wp\/v2\/tags?post=353"}],"curies":[{"name":"wp","href":"https:\/\/api.w.org\/{rel}","templated":true}]}}